{"id":344486,"date":"2024-12-07T13:46:52","date_gmt":"2024-12-07T10:46:52","guid":{"rendered":"https:\/\/sana.sy\/es\/?p=344486"},"modified":"2024-12-07T13:46:52","modified_gmt":"2024-12-07T10:46:52","slug":"ejercito-sirio-bombardea-concentraciones-y-lineas-de-suministro-de-los-terroristas-en-hama-y-homs","status":"publish","type":"post","link":"https:\/\/archive.sana.sy\/es\/?p=344486","title":{"rendered":"Ej\u00e9rcito sirio bombardea concentraciones y l\u00edneas de suministro de los terroristas en Hama y Homs"},"content":{"rendered":"<p style=\"text-align: justify;\"><span style=\"color: #800000;\"><strong>Damasco, 7 sep (ANA)<\/strong> <\/span>Una fuente militar declar\u00f3 hoy que las fuerzas armadas desplegadas en el oeste de la provincia de Hama y nordeste de Homs est\u00e1n llevando a cabo ataques con artiller\u00eda y misiles contra las l\u00edneas de suministro de los terroristas y sus ejes de movimiento.<\/p>\n<p style=\"text-align: justify;\">Tambi\u00e9n, fueron lanzados ataques de los aviones de combate conjuntos sirios y rusos, lo que provoc\u00f3 la eliminaci\u00f3n de decenas de terroristas y la destrucci\u00f3n de un gran n\u00famero de sus veh\u00edculos y material b\u00e9lico.<\/p>\n<p style=\"text-align: justify;\">fm\/ed<\/p>\n","protected":false},"excerpt":{"rendered":"<p>Damasco, 7 sep (ANA) Una fuente militar declar\u00f3 hoy que las fuerzas armadas desplegadas en el oeste de la provincia de Hama y nordeste de Homs est\u00e1n llevando a cabo ataques con artiller\u00eda y misiles contra las l\u00edneas de suministro de los terroristas y sus ejes de movimiento. Tambi\u00e9n, fueron lanzados ataques de los aviones &hellip;<\/p>\n","protected":false},"author":32,"featured_media":344487,"comment_status":"closed","ping_status":"closed","sticky":false,"template":"","format":"standard","meta":{"footnotes":""},"categories":[597,573,20724,476,583],"tags":[],"class_list":["post-344486","post","type-post","status-publish","format-standard","has-post-thumbnail","","category-cinta-de-noticias","category-la-realidad-de-los-acontecimientos-en-siria","category-minuto-a-minuto","category-locales","category-slide"],"_links":{"self":[{"href":"https:\/\/archive.sana.sy\/es\/index.php?rest_route=\/wp\/v2\/posts\/344486"}],"collection":[{"href":"https:\/\/archive.sana.sy\/es\/index.php?rest_route=\/wp\/v2\/posts"}],"about":[{"href":"https:\/\/archive.sana.sy\/es\/index.php?rest_route=\/wp\/v2\/types\/post"}],"author":[{"embeddable":true,"href":"https:\/\/archive.sana.sy\/es\/index.php?rest_route=\/wp\/v2\/users\/32"}],"replies":[{"embeddable":true,"href":"https:\/\/archive.sana.sy\/es\/index.php?rest_route=%2Fwp%2Fv2%2Fcomments&post=344486"}],"version-history":[{"count":1,"href":"https:\/\/archive.sana.sy\/es\/index.php?rest_route=\/wp\/v2\/posts\/344486\/revisions"}],"predecessor-version":[{"id":344488,"href":"https:\/\/archive.sana.sy\/es\/index.php?rest_route=\/wp\/v2\/posts\/344486\/revisions\/344488"}],"wp:featuredmedia":[{"embeddable":true,"href":"https:\/\/archive.sana.sy\/es\/index.php?rest_route=\/wp\/v2\/media\/344487"}],"wp:attachment":[{"href":"https:\/\/archive.sana.sy\/es\/index.php?rest_route=%2Fwp%2Fv2%2Fmedia&parent=344486"}],"wp:term":[{"taxonomy":"category","embeddable":true,"href":"https:\/\/archive.sana.sy\/es\/index.php?rest_route=%2Fwp%2Fv2%2Fcategories&post=344486"},{"taxonomy":"post_tag","embeddable":true,"href":"https:\/\/archive.sana.sy\/es\/index.php?rest_route=%2Fwp%2Fv2%2Ftags&post=344486"}],"curies":[{"name":"wp","href":"https:\/\/api.w.org\/{rel}","templated":true}]}}