{"id":344489,"date":"2024-12-07T14:03:52","date_gmt":"2024-12-07T11:03:52","guid":{"rendered":"https:\/\/sana.sy\/es\/?p=344489"},"modified":"2024-12-07T14:03:52","modified_gmt":"2024-12-07T11:03:52","slug":"iran-desmiente-noticias-sobre-evacuacion-de-su-embajada-en-siria","status":"publish","type":"post","link":"https:\/\/archive.sana.sy\/es\/?p=344489","title":{"rendered":"Ir\u00e1n desmiente noticias sobre evacuaci\u00f3n de su embajada en Siria"},"content":{"rendered":"<p style=\"text-align: justify;\"><span style=\"color: #800000;\"><strong>Teher\u00e1n, 7 dic (SANA)<\/strong><\/span> El portavoz del Ministerio de Asuntos Exteriores iran\u00ed, Ismail Baghaei, afirm\u00f3 hoy que la embajada iran\u00ed en Damasco sigue llevando a cabo sus actividades habituales y desminti\u00f3 las noticias sobre su evacuaci\u00f3n.<\/p>\n<p style=\"text-align: justify;\">Las noticias sobre la evacuaci\u00f3n de la embajada iran\u00ed en Damasco no son ciertas, y la misi\u00f3n mantiene su actividad habitual, afirm\u00f3 Baghaei en respuesta a una pregunta de la agencia de noticias iran\u00ed Tasnim.<\/p>\n<p style=\"text-align: justify;\">fm\/ed<\/p>\n","protected":false},"excerpt":{"rendered":"<p>Teher\u00e1n, 7 dic (SANA) El portavoz del Ministerio de Asuntos Exteriores iran\u00ed, Ismail Baghaei, afirm\u00f3 hoy que la embajada iran\u00ed en Damasco sigue llevando a cabo sus actividades habituales y desminti\u00f3 las noticias sobre su evacuaci\u00f3n. Las noticias sobre la evacuaci\u00f3n de la embajada iran\u00ed en Damasco no son ciertas, y la misi\u00f3n mantiene su &hellip;<\/p>\n","protected":false},"author":32,"featured_media":344490,"comment_status":"closed","ping_status":"closed","sticky":false,"template":"","format":"standard","meta":{"footnotes":""},"categories":[597,20724,467,7541],"tags":[],"class_list":["post-344489","post","type-post","status-publish","format-standard","has-post-thumbnail","","category-cinta-de-noticias","category-minuto-a-minuto","category-siria-y-el-mundo","category-ultimas-noticias"],"_links":{"self":[{"href":"https:\/\/archive.sana.sy\/es\/index.php?rest_route=\/wp\/v2\/posts\/344489"}],"collection":[{"href":"https:\/\/archive.sana.sy\/es\/index.php?rest_route=\/wp\/v2\/posts"}],"about":[{"href":"https:\/\/archive.sana.sy\/es\/index.php?rest_route=\/wp\/v2\/types\/post"}],"author":[{"embeddable":true,"href":"https:\/\/archive.sana.sy\/es\/index.php?rest_route=\/wp\/v2\/users\/32"}],"replies":[{"embeddable":true,"href":"https:\/\/archive.sana.sy\/es\/index.php?rest_route=%2Fwp%2Fv2%2Fcomments&post=344489"}],"version-history":[{"count":1,"href":"https:\/\/archive.sana.sy\/es\/index.php?rest_route=\/wp\/v2\/posts\/344489\/revisions"}],"predecessor-version":[{"id":344491,"href":"https:\/\/archive.sana.sy\/es\/index.php?rest_route=\/wp\/v2\/posts\/344489\/revisions\/344491"}],"wp:featuredmedia":[{"embeddable":true,"href":"https:\/\/archive.sana.sy\/es\/index.php?rest_route=\/wp\/v2\/media\/344490"}],"wp:attachment":[{"href":"https:\/\/archive.sana.sy\/es\/index.php?rest_route=%2Fwp%2Fv2%2Fmedia&parent=344489"}],"wp:term":[{"taxonomy":"category","embeddable":true,"href":"https:\/\/archive.sana.sy\/es\/index.php?rest_route=%2Fwp%2Fv2%2Fcategories&post=344489"},{"taxonomy":"post_tag","embeddable":true,"href":"https:\/\/archive.sana.sy\/es\/index.php?rest_route=%2Fwp%2Fv2%2Ftags&post=344489"}],"curies":[{"name":"wp","href":"https:\/\/api.w.org\/{rel}","templated":true}]}}