{"id":344492,"date":"2024-12-07T15:18:42","date_gmt":"2024-12-07T12:18:42","guid":{"rendered":"https:\/\/sana.sy\/es\/?p=344492"},"modified":"2024-12-07T15:19:03","modified_gmt":"2024-12-07T12:19:03","slug":"cancilleres-de-rusia-e-irak-manifiestan-su-preocupacion-por-la-situacion-en-siria","status":"publish","type":"post","link":"https:\/\/archive.sana.sy\/es\/?p=344492","title":{"rendered":"Cancilleres de Rusia e Irak manifiestan su preocupaci\u00f3n por la situaci\u00f3n en Siria"},"content":{"rendered":"<p style=\"text-align: justify;\"><span style=\"color: #800000;\"><strong>Doha, 07 dic (SANA)\u00a0 <\/strong><\/span>El ministro de Asuntos Exteriores ruso, Sergu\u00e9i Lavrov, y su hom\u00f3logo iraqu\u00ed, Fuad Hussein, confirmaron hoy que sus pa\u00edses est\u00e1n preocupados por la situaci\u00f3n en Siria y la gravedad de su impacto en la seguridad de la regi\u00f3n.<\/p>\n<p style=\"text-align: justify;\">\u201cHussein se reuni\u00f3 con su hom\u00f3logo ruso, Lavrov, en la capital de Qatar, Doha, y durante la el encuentro se abord\u00f3 la evoluci\u00f3n de la situaci\u00f3n en Siria, as\u00ed como los resultados de la reuni\u00f3n tripartita celebrada en Bagdad, y en la participaron los ministros de Asuntos Exteriores de Irak, Siria e Ir\u00e1n\u201d, inform\u00f3 la agencia de noticias iraqu\u00ed INA cit\u00f3 una declaraci\u00f3n del Ministerio de Asuntos Exteriores iraqu\u00ed.<\/p>\n<p style=\"text-align: justify;\">La declaraci\u00f3n indic\u00f3 que el Canciller ruso destac\u00f3 la necesidad de intensificar los esfuerzos para evitar que Siria sufra m\u00e1s tragedias, mientras que el titular iraqu\u00ed se\u00f1al\u00f3 que su pa\u00eds se est\u00e1 esforzando por trabajar para evitar el impacto de los acontecimientos sirios en su seguridad y estabilidad.<\/p>\n<p style=\"text-align: justify;\">sm<\/p>\n","protected":false},"excerpt":{"rendered":"<p>Doha, 07 dic (SANA)\u00a0 El ministro de Asuntos Exteriores ruso, Sergu\u00e9i Lavrov, y su hom\u00f3logo iraqu\u00ed, Fuad Hussein, confirmaron hoy que sus pa\u00edses est\u00e1n preocupados por la situaci\u00f3n en Siria y la gravedad de su impacto en la seguridad de la regi\u00f3n. \u201cHussein se reuni\u00f3 con su hom\u00f3logo ruso, Lavrov, en la capital de Qatar, &hellip;<\/p>\n","protected":false},"author":39,"featured_media":344493,"comment_status":"closed","ping_status":"closed","sticky":false,"template":"","format":"standard","meta":{"footnotes":""},"categories":[597,456,16687,467,7541],"tags":[],"class_list":["post-344492","post","type-post","status-publish","format-standard","has-post-thumbnail","","category-cinta-de-noticias","category-arabe-internacional-politica","category-internacionales","category-siria-y-el-mundo","category-ultimas-noticias"],"_links":{"self":[{"href":"https:\/\/archive.sana.sy\/es\/index.php?rest_route=\/wp\/v2\/posts\/344492"}],"collection":[{"href":"https:\/\/archive.sana.sy\/es\/index.php?rest_route=\/wp\/v2\/posts"}],"about":[{"href":"https:\/\/archive.sana.sy\/es\/index.php?rest_route=\/wp\/v2\/types\/post"}],"author":[{"embeddable":true,"href":"https:\/\/archive.sana.sy\/es\/index.php?rest_route=\/wp\/v2\/users\/39"}],"replies":[{"embeddable":true,"href":"https:\/\/archive.sana.sy\/es\/index.php?rest_route=%2Fwp%2Fv2%2Fcomments&post=344492"}],"version-history":[{"count":1,"href":"https:\/\/archive.sana.sy\/es\/index.php?rest_route=\/wp\/v2\/posts\/344492\/revisions"}],"predecessor-version":[{"id":344494,"href":"https:\/\/archive.sana.sy\/es\/index.php?rest_route=\/wp\/v2\/posts\/344492\/revisions\/344494"}],"wp:featuredmedia":[{"embeddable":true,"href":"https:\/\/archive.sana.sy\/es\/index.php?rest_route=\/wp\/v2\/media\/344493"}],"wp:attachment":[{"href":"https:\/\/archive.sana.sy\/es\/index.php?rest_route=%2Fwp%2Fv2%2Fmedia&parent=344492"}],"wp:term":[{"taxonomy":"category","embeddable":true,"href":"https:\/\/archive.sana.sy\/es\/index.php?rest_route=%2Fwp%2Fv2%2Fcategories&post=344492"},{"taxonomy":"post_tag","embeddable":true,"href":"https:\/\/archive.sana.sy\/es\/index.php?rest_route=%2Fwp%2Fv2%2Ftags&post=344492"}],"curies":[{"name":"wp","href":"https:\/\/api.w.org\/{rel}","templated":true}]}}