{"id":344495,"date":"2024-12-07T15:51:30","date_gmt":"2024-12-07T12:51:30","guid":{"rendered":"https:\/\/sana.sy\/es\/?p=344495"},"modified":"2024-12-07T15:51:55","modified_gmt":"2024-12-07T12:51:55","slug":"desmienten-retirada-de-las-unidades-militares-de-la-provincia-de-damasco-campo","status":"publish","type":"post","link":"https:\/\/archive.sana.sy\/es\/?p=344495","title":{"rendered":"Desmienten retirada de las unidades militares de la provincia de Damasco-campo"},"content":{"rendered":"<p style=\"text-align: justify;\"><span style=\"color: #800000;\"><strong>Damasco, 7 dic (SANA)<\/strong><\/span> Una fuente militar denunci\u00f3 una campa\u00f1a medi\u00e1tica tergiversadora de las organizaciones terroristas armadas a trav\u00e9s de sus plataformas, sitios web y algunos canales de comunicaci\u00f3n, con el objetivo de sembrar el p\u00e1nico y el miedo entre los civiles en el campo de Damasco.<\/p>\n<p style=\"text-align: justify;\">La fuente desminti\u00f3 las noticias sobre la retirada de las unidades de las Fuerzas Armadas de todas las zonas en Damasco-campo.<\/p>\n<p style=\"text-align: justify;\">fm<\/p>\n","protected":false},"excerpt":{"rendered":"<p>Damasco, 7 dic (SANA) Una fuente militar denunci\u00f3 una campa\u00f1a medi\u00e1tica tergiversadora de las organizaciones terroristas armadas a trav\u00e9s de sus plataformas, sitios web y algunos canales de comunicaci\u00f3n, con el objetivo de sembrar el p\u00e1nico y el miedo entre los civiles en el campo de Damasco. La fuente desminti\u00f3 las noticias sobre la retirada &hellip;<\/p>\n","protected":false},"author":34,"featured_media":344497,"comment_status":"closed","ping_status":"closed","sticky":false,"template":"","format":"standard","meta":{"footnotes":""},"categories":[477,447,597,573,20724,7541],"tags":[],"class_list":["post-344495","post","type-post","status-publish","format-standard","has-post-thumbnail","","category-noticias-edulcorantes","category-local-politica","category-cinta-de-noticias","category-la-realidad-de-los-acontecimientos-en-siria","category-minuto-a-minuto","category-ultimas-noticias"],"_links":{"self":[{"href":"https:\/\/archive.sana.sy\/es\/index.php?rest_route=\/wp\/v2\/posts\/344495"}],"collection":[{"href":"https:\/\/archive.sana.sy\/es\/index.php?rest_route=\/wp\/v2\/posts"}],"about":[{"href":"https:\/\/archive.sana.sy\/es\/index.php?rest_route=\/wp\/v2\/types\/post"}],"author":[{"embeddable":true,"href":"https:\/\/archive.sana.sy\/es\/index.php?rest_route=\/wp\/v2\/users\/34"}],"replies":[{"embeddable":true,"href":"https:\/\/archive.sana.sy\/es\/index.php?rest_route=%2Fwp%2Fv2%2Fcomments&post=344495"}],"version-history":[{"count":1,"href":"https:\/\/archive.sana.sy\/es\/index.php?rest_route=\/wp\/v2\/posts\/344495\/revisions"}],"predecessor-version":[{"id":344496,"href":"https:\/\/archive.sana.sy\/es\/index.php?rest_route=\/wp\/v2\/posts\/344495\/revisions\/344496"}],"wp:featuredmedia":[{"embeddable":true,"href":"https:\/\/archive.sana.sy\/es\/index.php?rest_route=\/wp\/v2\/media\/344497"}],"wp:attachment":[{"href":"https:\/\/archive.sana.sy\/es\/index.php?rest_route=%2Fwp%2Fv2%2Fmedia&parent=344495"}],"wp:term":[{"taxonomy":"category","embeddable":true,"href":"https:\/\/archive.sana.sy\/es\/index.php?rest_route=%2Fwp%2Fv2%2Fcategories&post=344495"},{"taxonomy":"post_tag","embeddable":true,"href":"https:\/\/archive.sana.sy\/es\/index.php?rest_route=%2Fwp%2Fv2%2Ftags&post=344495"}],"curies":[{"name":"wp","href":"https:\/\/api.w.org\/{rel}","templated":true}]}}