{"id":344516,"date":"2024-12-16T14:00:56","date_gmt":"2024-12-16T11:00:56","guid":{"rendered":"https:\/\/sana.sy\/es\/?p=344516"},"modified":"2024-12-16T14:02:13","modified_gmt":"2024-12-16T11:02:13","slug":"el-jefe-de-la-nueva-administracion-de-siria-ahmed-al-sharaa-recibe-a-pedersen-y-pide-revisar-la-resolucion-2254","status":"publish","type":"post","link":"https:\/\/archive.sana.sy\/es\/?p=344516","title":{"rendered":"El jefe de la nueva administraci\u00f3n de Siria, Ahmed Al-Sharaa, recibe a Pedersen y pide revisar la Resoluci\u00f3n 2254"},"content":{"rendered":"<p style=\"text-align: justify;\"><span style=\"color: #800000;\"><strong>Damasco, 16 dic (SANA)<\/strong> <\/span>La reuni\u00f3n del jefe de la nueva administraci\u00f3n en Siria, Ahmed Al-Sharaa, con el enviado de la ONU a Siria, Geir Pedersen, se centr\u00f3 en la necesidad de reconsiderar la Resoluci\u00f3n 2254 en vista de los cambios que se han producido en el escenario pol\u00edtico.<\/p>\n<p style=\"text-align: justify;\">Se afirm\u00f3 la necesidad de actualizar la resoluci\u00f3n para adaptarla a la nueva realidad.<\/p>\n<p style=\"text-align: justify;\">Al-Sharaa destac\u00f3 la importancia de concretar una cooperaci\u00f3n r\u00e1pida y eficaz para tratar los problemas de los sirios y la necesidad de centrarse en la integridad territorial, la reconstrucci\u00f3n y la paz de Siria, y lograr el desarrollo econ\u00f3mico.<\/p>\n<p style=\"text-align: justify;\">Tambi\u00e9n subray\u00f3 la importancia de tratar con cautela y precisi\u00f3n las etapas de transici\u00f3n y rehabilitar las instituciones para construir un sistema fuerte y eficaz. Adem\u00e1s de \u00a0proporcionar un entorno seguro para el regreso de los refugiados y brindar apoyo econ\u00f3mico y pol\u00edtico para ellos.<\/p>\n<p style=\"text-align: justify;\">Es importante implementar estos pasos con gran cuidado y precisi\u00f3n, sin prisas y bajo la supervisi\u00f3n de equipos especializados, para que puedan realizarse de la mejor manera posible, afirm\u00f3 Al-Sharaa.<\/p>\n<p style=\"text-align: justify;\">\n","protected":false},"excerpt":{"rendered":"<p>Damasco, 16 dic (SANA) La reuni\u00f3n del jefe de la nueva administraci\u00f3n en Siria, Ahmed Al-Sharaa, con el enviado de la ONU a Siria, Geir Pedersen, se centr\u00f3 en la necesidad de reconsiderar la Resoluci\u00f3n 2254 en vista de los cambios que se han producido en el escenario pol\u00edtico. Se afirm\u00f3 la necesidad de actualizar &hellip;<\/p>\n","protected":false},"author":34,"featured_media":344517,"comment_status":"closed","ping_status":"closed","sticky":false,"template":"","format":"standard","meta":{"footnotes":""},"categories":[447,477,597,20724,476,467,583,7541],"tags":[],"class_list":["post-344516","post","type-post","status-publish","format-standard","has-post-thumbnail","","category-local-politica","category-noticias-edulcorantes","category-cinta-de-noticias","category-minuto-a-minuto","category-locales","category-siria-y-el-mundo","category-slide","category-ultimas-noticias"],"_links":{"self":[{"href":"https:\/\/archive.sana.sy\/es\/index.php?rest_route=\/wp\/v2\/posts\/344516"}],"collection":[{"href":"https:\/\/archive.sana.sy\/es\/index.php?rest_route=\/wp\/v2\/posts"}],"about":[{"href":"https:\/\/archive.sana.sy\/es\/index.php?rest_route=\/wp\/v2\/types\/post"}],"author":[{"embeddable":true,"href":"https:\/\/archive.sana.sy\/es\/index.php?rest_route=\/wp\/v2\/users\/34"}],"replies":[{"embeddable":true,"href":"https:\/\/archive.sana.sy\/es\/index.php?rest_route=%2Fwp%2Fv2%2Fcomments&post=344516"}],"version-history":[{"count":1,"href":"https:\/\/archive.sana.sy\/es\/index.php?rest_route=\/wp\/v2\/posts\/344516\/revisions"}],"predecessor-version":[{"id":344518,"href":"https:\/\/archive.sana.sy\/es\/index.php?rest_route=\/wp\/v2\/posts\/344516\/revisions\/344518"}],"wp:featuredmedia":[{"embeddable":true,"href":"https:\/\/archive.sana.sy\/es\/index.php?rest_route=\/wp\/v2\/media\/344517"}],"wp:attachment":[{"href":"https:\/\/archive.sana.sy\/es\/index.php?rest_route=%2Fwp%2Fv2%2Fmedia&parent=344516"}],"wp:term":[{"taxonomy":"category","embeddable":true,"href":"https:\/\/archive.sana.sy\/es\/index.php?rest_route=%2Fwp%2Fv2%2Fcategories&post=344516"},{"taxonomy":"post_tag","embeddable":true,"href":"https:\/\/archive.sana.sy\/es\/index.php?rest_route=%2Fwp%2Fv2%2Ftags&post=344516"}],"curies":[{"name":"wp","href":"https:\/\/api.w.org\/{rel}","templated":true}]}}