{"id":34456,"date":"2015-11-30T22:50:54","date_gmt":"2015-11-30T20:50:54","guid":{"rendered":"http:\/\/sana.sy\/es\/?p=34456"},"modified":"2015-12-02T13:10:00","modified_gmt":"2015-12-02T11:10:00","slug":"comando-general-de-las-fuerzas-armadas-guardafronteras-sirias-denuncian-la-entrada-de-vehiculos-que-transportan-terroristas-desde-la-region-fronteriza-de-ardo-a-siria","status":"publish","type":"post","link":"https:\/\/archive.sana.sy\/es\/?p=34456","title":{"rendered":"Comando General de las Fuerzas Armadas: Guardafronteras sirias denuncian la entrada de veh\u00edculos que transportan terroristas desde la regi\u00f3n fronteriza con Turqu\u00eda"},"content":{"rendered":"<p>Damasco-SANA<\/p>\n<p>El Comando General de las Fuerzas Armadas ha informado que las tropas Guardafronteras sirias han denunciado que grupos terroristas y dos convoyes de veh\u00edculos que transportaban terroristas se han congregados en las regiones fronterizas con Siria.<\/p>\n<p>El comando General dijo en un comunicado que el gobierno de Erdogan continua escalando la tensi\u00f3n en la frontera sirio-turca, donde ha sido observada una congregaci\u00f3n de grupos terroristas entre las 9 y 10 horas de la noche del 28-11-2015 en la regi\u00f3n fronteriza con Siria.<\/p>\n<p>El comunicado se\u00f1al\u00f3 que entre las 3 y 5 de la madrugada del 29-11-2015, las autoridades turcas cortaron la corriente el\u00e9ctrica de la regi\u00f3n fronteriza, donde tropas de las Guardafronteras observaron el cruce de dos convoyes de veh\u00edculos que transportaban elementos terroristas por la frontera sirio-turca.<\/p>\n<p>\u00a8Las tropas sirias apuntaron contra los dos convoyes, obligando uno de los convoyes a retirarse hacia territorio turco, mientras el secundo convoy cruz\u00f3 a territorio sirio\u00a8, agreg\u00f3 el comunicado.<\/p>\n<p>El Comando General de las Fuerzas Armadas aclar\u00f3 que los hechos muestran el alto nivel de coordinaci\u00f3n que existe entre los cabecillas de las bandas terroristas y las autoridades turcas laborando en las fronteras turcas, comprueba adem\u00e1s que el gobierno de Erdogan sigue proporcionando todo tipo de respaldo a las organizaciones terroristas en Siria.<\/p>\n<p>El comunicado atribuye toda responsabilidad al gobierno de Erdogan de estas peligrosas violaciones, afirmando que har\u00eda todo lo que sea necesario para impedir la infiltraci\u00f3n de terroristas a trav\u00e9s de las fronteras turcas.<\/p>\n<p>Yamil K.<\/p>\n","protected":false},"excerpt":{"rendered":"<p>Damasco-SANA El Comando General de las Fuerzas Armadas ha informado que las tropas Guardafronteras sirias han denunciado que grupos terroristas y dos convoyes de veh\u00edculos que transportaban terroristas se han congregados en las regiones fronterizas con Siria. El comando General dijo en un comunicado que el gobierno de Erdogan continua escalando la tensi\u00f3n en la &hellip;<\/p>\n","protected":false},"author":1,"featured_media":34352,"comment_status":"closed","ping_status":"closed","sticky":false,"template":"","format":"standard","meta":{"footnotes":""},"categories":[573],"tags":[],"class_list":["post-34456","post","type-post","status-publish","format-standard","has-post-thumbnail","","category-la-realidad-de-los-acontecimientos-en-siria"],"_links":{"self":[{"href":"https:\/\/archive.sana.sy\/es\/index.php?rest_route=\/wp\/v2\/posts\/34456"}],"collection":[{"href":"https:\/\/archive.sana.sy\/es\/index.php?rest_route=\/wp\/v2\/posts"}],"about":[{"href":"https:\/\/archive.sana.sy\/es\/index.php?rest_route=\/wp\/v2\/types\/post"}],"author":[{"embeddable":true,"href":"https:\/\/archive.sana.sy\/es\/index.php?rest_route=\/wp\/v2\/users\/1"}],"replies":[{"embeddable":true,"href":"https:\/\/archive.sana.sy\/es\/index.php?rest_route=%2Fwp%2Fv2%2Fcomments&post=34456"}],"version-history":[{"count":0,"href":"https:\/\/archive.sana.sy\/es\/index.php?rest_route=\/wp\/v2\/posts\/34456\/revisions"}],"wp:featuredmedia":[{"embeddable":true,"href":"https:\/\/archive.sana.sy\/es\/index.php?rest_route=\/wp\/v2\/media\/34352"}],"wp:attachment":[{"href":"https:\/\/archive.sana.sy\/es\/index.php?rest_route=%2Fwp%2Fv2%2Fmedia&parent=34456"}],"wp:term":[{"taxonomy":"category","embeddable":true,"href":"https:\/\/archive.sana.sy\/es\/index.php?rest_route=%2Fwp%2Fv2%2Fcategories&post=34456"},{"taxonomy":"post_tag","embeddable":true,"href":"https:\/\/archive.sana.sy\/es\/index.php?rest_route=%2Fwp%2Fv2%2Ftags&post=34456"}],"curies":[{"name":"wp","href":"https:\/\/api.w.org\/{rel}","templated":true}]}}