{"id":344602,"date":"2024-12-20T10:16:22","date_gmt":"2024-12-20T07:16:22","guid":{"rendered":"https:\/\/sana.sy\/es\/?p=344602"},"modified":"2025-02-06T17:39:54","modified_gmt":"2025-02-06T14:39:54","slug":"ministro-sirio-de-educacion-recibe-a-una-delegacion-del-ministerio-de-asuntos-exteriores-aleman","status":"publish","type":"post","link":"https:\/\/archive.sana.sy\/es\/?p=344602","title":{"rendered":"Ministro sirio de Educaci\u00f3n recibe a una delegaci\u00f3n del Ministerio de Asuntos Exteriores alem\u00e1n"},"content":{"rendered":"<p style=\"text-align: justify;\"><span style=\"color: #800000;\"><strong>Damasco, 20 dic (SANA)\u00a0 <\/strong><\/span>El ministro sirio de Educaci\u00f3n, Nazir Al-Qadri, analiz\u00f3 con una delegaci\u00f3n del Ministerio de Asuntos Exteriores alem\u00e1n la realidad de la educaci\u00f3n en Siria despu\u00e9s de la liberaci\u00f3n.<\/p>\n<p style=\"text-align: justify;\">Durante una reuni\u00f3n celebrada en la sede del Ministerio en Damasco, seg\u00fan lo publicado en la p\u00e1gina oficial de la referida entidad en Facebook, las dos partes abordaron el mecanismo para continuar el proceso educativo en las escuelas y el plan para rehabilitar los centros educativos da\u00f1ados por los bombardeos del criminal derrocado r\u00e9gimen, as\u00ed como la realidad del profesorado y sus necesidades.<\/p>\n<div id='gallery-1' class='gallery galleryid-344602 gallery-columns-1 gallery-size-full'><figure class='gallery-item'>\n\t\t\t<div class='gallery-icon landscape'>\n\t\t\t\t<a href='https:\/\/archive.sana.sy\/es\/?attachment_id=344604'><img loading=\"lazy\" decoding=\"async\" width=\"660\" height=\"372\" src=\"https:\/\/archive.sana.sy\/es\/wp-content\/uploads\/2024\/12\/Ministro-sirio-de-Educacion-recibe-a-una-delegacion-del-Ministerio-de-Asuntos-Exteriores-aleman00.jpeg\" class=\"attachment-full size-full\" alt=\"\" srcset=\"https:\/\/archive.sana.sy\/es\/wp-content\/uploads\/2024\/12\/Ministro-sirio-de-Educacion-recibe-a-una-delegacion-del-Ministerio-de-Asuntos-Exteriores-aleman00.jpeg 660w, https:\/\/archive.sana.sy\/es\/wp-content\/uploads\/2024\/12\/Ministro-sirio-de-Educacion-recibe-a-una-delegacion-del-Ministerio-de-Asuntos-Exteriores-aleman00-300x169.jpeg 300w, https:\/\/archive.sana.sy\/es\/wp-content\/uploads\/2024\/12\/Ministro-sirio-de-Educacion-recibe-a-una-delegacion-del-Ministerio-de-Asuntos-Exteriores-aleman00-150x85.jpeg 150w\" sizes=\"(max-width: 660px) 100vw, 660px\" \/><\/a>\n\t\t\t<\/div><\/figure><figure class='gallery-item'>\n\t\t\t<div class='gallery-icon landscape'>\n\t\t\t\t<a href='https:\/\/archive.sana.sy\/es\/?attachment_id=344605'><img loading=\"lazy\" decoding=\"async\" width=\"660\" height=\"372\" src=\"https:\/\/archive.sana.sy\/es\/wp-content\/uploads\/2024\/12\/Ministro-sirio-de-Educacion-recibe-a-una-delegacion-del-Ministerio-de-Asuntos-Exteriores-aleman0.jpeg\" class=\"attachment-full size-full\" alt=\"\" srcset=\"https:\/\/archive.sana.sy\/es\/wp-content\/uploads\/2024\/12\/Ministro-sirio-de-Educacion-recibe-a-una-delegacion-del-Ministerio-de-Asuntos-Exteriores-aleman0.jpeg 660w, https:\/\/archive.sana.sy\/es\/wp-content\/uploads\/2024\/12\/Ministro-sirio-de-Educacion-recibe-a-una-delegacion-del-Ministerio-de-Asuntos-Exteriores-aleman0-300x169.jpeg 300w, https:\/\/archive.sana.sy\/es\/wp-content\/uploads\/2024\/12\/Ministro-sirio-de-Educacion-recibe-a-una-delegacion-del-Ministerio-de-Asuntos-Exteriores-aleman0-150x85.jpeg 150w\" sizes=\"(max-width: 660px) 100vw, 660px\" \/><\/a>\n\t\t\t<\/div><\/figure>\n\t\t<\/div>\n\n<p>sm<\/p>\n<p style=\"text-align: justify;\">\n","protected":false},"excerpt":{"rendered":"<p>Damasco, 20 dic (SANA)\u00a0 El ministro sirio de Educaci\u00f3n, Nazir Al-Qadri, analiz\u00f3 con una delegaci\u00f3n del Ministerio de Asuntos Exteriores alem\u00e1n la realidad de la educaci\u00f3n en Siria despu\u00e9s de la liberaci\u00f3n. Durante una reuni\u00f3n celebrada en la sede del Ministerio en Damasco, seg\u00fan lo publicado en la p\u00e1gina oficial de la referida entidad en &hellip;<\/p>\n","protected":false},"author":39,"featured_media":344603,"comment_status":"closed","ping_status":"closed","sticky":false,"template":"","format":"standard","meta":{"footnotes":""},"categories":[597,20724,467,7541],"tags":[],"class_list":["post-344602","post","type-post","status-publish","format-standard","has-post-thumbnail","","category-cinta-de-noticias","category-minuto-a-minuto","category-siria-y-el-mundo","category-ultimas-noticias"],"_links":{"self":[{"href":"https:\/\/archive.sana.sy\/es\/index.php?rest_route=\/wp\/v2\/posts\/344602"}],"collection":[{"href":"https:\/\/archive.sana.sy\/es\/index.php?rest_route=\/wp\/v2\/posts"}],"about":[{"href":"https:\/\/archive.sana.sy\/es\/index.php?rest_route=\/wp\/v2\/types\/post"}],"author":[{"embeddable":true,"href":"https:\/\/archive.sana.sy\/es\/index.php?rest_route=\/wp\/v2\/users\/39"}],"replies":[{"embeddable":true,"href":"https:\/\/archive.sana.sy\/es\/index.php?rest_route=%2Fwp%2Fv2%2Fcomments&post=344602"}],"version-history":[{"count":3,"href":"https:\/\/archive.sana.sy\/es\/index.php?rest_route=\/wp\/v2\/posts\/344602\/revisions"}],"predecessor-version":[{"id":346626,"href":"https:\/\/archive.sana.sy\/es\/index.php?rest_route=\/wp\/v2\/posts\/344602\/revisions\/346626"}],"wp:featuredmedia":[{"embeddable":true,"href":"https:\/\/archive.sana.sy\/es\/index.php?rest_route=\/wp\/v2\/media\/344603"}],"wp:attachment":[{"href":"https:\/\/archive.sana.sy\/es\/index.php?rest_route=%2Fwp%2Fv2%2Fmedia&parent=344602"}],"wp:term":[{"taxonomy":"category","embeddable":true,"href":"https:\/\/archive.sana.sy\/es\/index.php?rest_route=%2Fwp%2Fv2%2Fcategories&post=344602"},{"taxonomy":"post_tag","embeddable":true,"href":"https:\/\/archive.sana.sy\/es\/index.php?rest_route=%2Fwp%2Fv2%2Ftags&post=344602"}],"curies":[{"name":"wp","href":"https:\/\/api.w.org\/{rel}","templated":true}]}}