{"id":344680,"date":"2024-12-23T12:45:57","date_gmt":"2024-12-23T09:45:57","guid":{"rendered":"https:\/\/sana.sy\/es\/?p=344680"},"modified":"2024-12-23T12:45:57","modified_gmt":"2024-12-23T09:45:57","slug":"ministro-de-salud-se-reune-con-representantes-de-organismos-internacionales-de-salud","status":"publish","type":"post","link":"https:\/\/archive.sana.sy\/es\/?p=344680","title":{"rendered":"Ministro de Salud se re\u00fane con representantes de organismos internacionales de salud"},"content":{"rendered":"<p style=\"text-align: justify;\"><strong><span style=\"color: #800000;\">Damasco, 23 dic (SANA)\u00a0<\/span><\/strong> El ministro de Salud en el gobierno provisional, Maher Al-Sharaa, present\u00f3 el plan del ministerio y su empe\u00f1o por desarrollar los servicios prestados, en una reuni\u00f3n con representantes de las organizaciones internacionales que operan en el campo de salud.<\/p>\n<p style=\"text-align: justify;\">Durante la reuni\u00f3n, se discutieron las necesidades de emergencia y las acciones estrat\u00e9gicas.<\/p>\n<p style=\"text-align: justify;\">fm\/ed<\/p>\n","protected":false},"excerpt":{"rendered":"<p>Damasco, 23 dic (SANA)\u00a0 El ministro de Salud en el gobierno provisional, Maher Al-Sharaa, present\u00f3 el plan del ministerio y su empe\u00f1o por desarrollar los servicios prestados, en una reuni\u00f3n con representantes de las organizaciones internacionales que operan en el campo de salud. Durante la reuni\u00f3n, se discutieron las necesidades de emergencia y las acciones &hellip;<\/p>\n","protected":false},"author":32,"featured_media":344681,"comment_status":"closed","ping_status":"closed","sticky":false,"template":"","format":"standard","meta":{"footnotes":""},"categories":[477,597,573,20724,476,7541],"tags":[],"class_list":["post-344680","post","type-post","status-publish","format-standard","has-post-thumbnail","","category-noticias-edulcorantes","category-cinta-de-noticias","category-la-realidad-de-los-acontecimientos-en-siria","category-minuto-a-minuto","category-locales","category-ultimas-noticias"],"_links":{"self":[{"href":"https:\/\/archive.sana.sy\/es\/index.php?rest_route=\/wp\/v2\/posts\/344680"}],"collection":[{"href":"https:\/\/archive.sana.sy\/es\/index.php?rest_route=\/wp\/v2\/posts"}],"about":[{"href":"https:\/\/archive.sana.sy\/es\/index.php?rest_route=\/wp\/v2\/types\/post"}],"author":[{"embeddable":true,"href":"https:\/\/archive.sana.sy\/es\/index.php?rest_route=\/wp\/v2\/users\/32"}],"replies":[{"embeddable":true,"href":"https:\/\/archive.sana.sy\/es\/index.php?rest_route=%2Fwp%2Fv2%2Fcomments&post=344680"}],"version-history":[{"count":1,"href":"https:\/\/archive.sana.sy\/es\/index.php?rest_route=\/wp\/v2\/posts\/344680\/revisions"}],"predecessor-version":[{"id":344682,"href":"https:\/\/archive.sana.sy\/es\/index.php?rest_route=\/wp\/v2\/posts\/344680\/revisions\/344682"}],"wp:featuredmedia":[{"embeddable":true,"href":"https:\/\/archive.sana.sy\/es\/index.php?rest_route=\/wp\/v2\/media\/344681"}],"wp:attachment":[{"href":"https:\/\/archive.sana.sy\/es\/index.php?rest_route=%2Fwp%2Fv2%2Fmedia&parent=344680"}],"wp:term":[{"taxonomy":"category","embeddable":true,"href":"https:\/\/archive.sana.sy\/es\/index.php?rest_route=%2Fwp%2Fv2%2Fcategories&post=344680"},{"taxonomy":"post_tag","embeddable":true,"href":"https:\/\/archive.sana.sy\/es\/index.php?rest_route=%2Fwp%2Fv2%2Ftags&post=344680"}],"curies":[{"name":"wp","href":"https:\/\/api.w.org\/{rel}","templated":true}]}}