{"id":344705,"date":"2024-12-23T14:21:57","date_gmt":"2024-12-23T11:21:57","guid":{"rendered":"https:\/\/sana.sy\/es\/?p=344705"},"modified":"2024-12-23T14:21:57","modified_gmt":"2024-12-23T11:21:57","slug":"el-jefe-de-la-autoridad-en-siria-ahmed-al-sharaa-recibe-a-una-delegacion-qatari-encabezada-por-mohammed-bin-abdulaziz-al-khulaifi-ministro-de-estado-qatari-para-asuntos-exteriores","status":"publish","type":"post","link":"https:\/\/archive.sana.sy\/es\/?p=344705","title":{"rendered":"El jefe de la autoridad en Siria, Ahmed Al-Sharaa recibe a una delegaci\u00f3n qatar\u00ed encabezada por Mohammed bin Abdulaziz Al-Khulaifi, ministro de Estado qatar\u00ed para asuntos exteriores."},"content":{"rendered":"","protected":false},"excerpt":{"rendered":"","protected":false},"author":32,"featured_media":0,"comment_status":"closed","ping_status":"closed","sticky":false,"template":"","format":"standard","meta":{"footnotes":""},"categories":[20724],"tags":[],"class_list":["post-344705","post","type-post","status-publish","format-standard","","category-minuto-a-minuto"],"_links":{"self":[{"href":"https:\/\/archive.sana.sy\/es\/index.php?rest_route=\/wp\/v2\/posts\/344705"}],"collection":[{"href":"https:\/\/archive.sana.sy\/es\/index.php?rest_route=\/wp\/v2\/posts"}],"about":[{"href":"https:\/\/archive.sana.sy\/es\/index.php?rest_route=\/wp\/v2\/types\/post"}],"author":[{"embeddable":true,"href":"https:\/\/archive.sana.sy\/es\/index.php?rest_route=\/wp\/v2\/users\/32"}],"replies":[{"embeddable":true,"href":"https:\/\/archive.sana.sy\/es\/index.php?rest_route=%2Fwp%2Fv2%2Fcomments&post=344705"}],"version-history":[{"count":1,"href":"https:\/\/archive.sana.sy\/es\/index.php?rest_route=\/wp\/v2\/posts\/344705\/revisions"}],"predecessor-version":[{"id":344706,"href":"https:\/\/archive.sana.sy\/es\/index.php?rest_route=\/wp\/v2\/posts\/344705\/revisions\/344706"}],"wp:attachment":[{"href":"https:\/\/archive.sana.sy\/es\/index.php?rest_route=%2Fwp%2Fv2%2Fmedia&parent=344705"}],"wp:term":[{"taxonomy":"category","embeddable":true,"href":"https:\/\/archive.sana.sy\/es\/index.php?rest_route=%2Fwp%2Fv2%2Fcategories&post=344705"},{"taxonomy":"post_tag","embeddable":true,"href":"https:\/\/archive.sana.sy\/es\/index.php?rest_route=%2Fwp%2Fv2%2Ftags&post=344705"}],"curies":[{"name":"wp","href":"https:\/\/api.w.org\/{rel}","templated":true}]}}