{"id":344716,"date":"2024-12-24T13:08:22","date_gmt":"2024-12-24T10:08:22","guid":{"rendered":"https:\/\/sana.sy\/es\/?p=344716"},"modified":"2024-12-24T13:08:22","modified_gmt":"2024-12-24T10:08:22","slug":"para-consolidar-la-estabilidad-el-ministro-del-interior-pide-a-exmilitares-y-pobladores-a-entregar-las-armas-en-su-poder","status":"publish","type":"post","link":"https:\/\/archive.sana.sy\/es\/?p=344716","title":{"rendered":"Para consolidar la estabilidad, el Ministro del Interior pide a exmilitares y pobladores a entregar las armas en su poder"},"content":{"rendered":"<p style=\"text-align: justify;\"><span style=\"color: #800000;\"><strong>Damasco, 24 dic (SANA)\u00a0\u00a0<\/strong><\/span> En el marco de los esfuerzos en curso para garantizar la seguridad y estabilidad en todo el pa\u00eds, el ministro del Interior, Mohamed Abdel Rahman, pidi\u00f3 a los efectivos del antiguo r\u00e9gimen y a los ciudadanos que encontraron armas remanente del r\u00e9gimen derrocado en varias zonas, que las entreguen inmediatamente a las autoridades competentes.<\/p>\n<p style=\"text-align: justify;\">En una declaraci\u00f3n, Abdel Rahman explic\u00f3 que se hab\u00eda fijado un plazo para la entrega de las armas en posesi\u00f3n de los miembros del r\u00e9gimen y del pueblo.<\/p>\n<p style=\"text-align: justify;\">Se\u00f1al\u00f3 que en caso de la no entrega antes de finalizar el plazo se\u00f1alado, las autoridades competentes tomar\u00e1n medidas legales disuasorias contra quienes posean armas.<\/p>\n<p style=\"text-align: justify;\">El Ministro subray\u00f3 que esta medida se enmarca en el fortalecimiento de la seguridad nacional y la preservaci\u00f3n de la seguridad de los ciudadanos y de la propiedad p\u00fablica y privada.<\/p>\n<p style=\"text-align: justify;\">fm<\/p>\n","protected":false},"excerpt":{"rendered":"<p>Damasco, 24 dic (SANA)\u00a0\u00a0 En el marco de los esfuerzos en curso para garantizar la seguridad y estabilidad en todo el pa\u00eds, el ministro del Interior, Mohamed Abdel Rahman, pidi\u00f3 a los efectivos del antiguo r\u00e9gimen y a los ciudadanos que encontraron armas remanente del r\u00e9gimen derrocado en varias zonas, que las entreguen inmediatamente a &hellip;<\/p>\n","protected":false},"author":34,"featured_media":344717,"comment_status":"closed","ping_status":"closed","sticky":false,"template":"","format":"standard","meta":{"footnotes":""},"categories":[477,597,573,20724,476,7541],"tags":[],"class_list":["post-344716","post","type-post","status-publish","format-standard","has-post-thumbnail","","category-noticias-edulcorantes","category-cinta-de-noticias","category-la-realidad-de-los-acontecimientos-en-siria","category-minuto-a-minuto","category-locales","category-ultimas-noticias"],"_links":{"self":[{"href":"https:\/\/archive.sana.sy\/es\/index.php?rest_route=\/wp\/v2\/posts\/344716"}],"collection":[{"href":"https:\/\/archive.sana.sy\/es\/index.php?rest_route=\/wp\/v2\/posts"}],"about":[{"href":"https:\/\/archive.sana.sy\/es\/index.php?rest_route=\/wp\/v2\/types\/post"}],"author":[{"embeddable":true,"href":"https:\/\/archive.sana.sy\/es\/index.php?rest_route=\/wp\/v2\/users\/34"}],"replies":[{"embeddable":true,"href":"https:\/\/archive.sana.sy\/es\/index.php?rest_route=%2Fwp%2Fv2%2Fcomments&post=344716"}],"version-history":[{"count":1,"href":"https:\/\/archive.sana.sy\/es\/index.php?rest_route=\/wp\/v2\/posts\/344716\/revisions"}],"predecessor-version":[{"id":344718,"href":"https:\/\/archive.sana.sy\/es\/index.php?rest_route=\/wp\/v2\/posts\/344716\/revisions\/344718"}],"wp:featuredmedia":[{"embeddable":true,"href":"https:\/\/archive.sana.sy\/es\/index.php?rest_route=\/wp\/v2\/media\/344717"}],"wp:attachment":[{"href":"https:\/\/archive.sana.sy\/es\/index.php?rest_route=%2Fwp%2Fv2%2Fmedia&parent=344716"}],"wp:term":[{"taxonomy":"category","embeddable":true,"href":"https:\/\/archive.sana.sy\/es\/index.php?rest_route=%2Fwp%2Fv2%2Fcategories&post=344716"},{"taxonomy":"post_tag","embeddable":true,"href":"https:\/\/archive.sana.sy\/es\/index.php?rest_route=%2Fwp%2Fv2%2Ftags&post=344716"}],"curies":[{"name":"wp","href":"https:\/\/api.w.org\/{rel}","templated":true}]}}