{"id":344746,"date":"2024-12-26T10:58:21","date_gmt":"2024-12-26T07:58:21","guid":{"rendered":"https:\/\/sana.sy\/es\/?p=344746"},"modified":"2024-12-26T10:59:21","modified_gmt":"2024-12-26T07:59:21","slug":"mueren-14-efectivos-del-ministerio-del-interior-en-una-emboscada-de-remanentes-del-regimen-criminal","status":"publish","type":"post","link":"https:\/\/archive.sana.sy\/es\/?p=344746","title":{"rendered":"Mueren 14 efectivos del Ministerio del Interior en una emboscada de remanentes del r\u00e9gimen criminal"},"content":{"rendered":"<p style=\"text-align: justify;\"><span style=\"color: #800000;\"><strong>Damasco, 26 dic (SANA)<\/strong><\/span> El ministro del Interior en el gobierno provisional de Siria, Muhammad Abd al-Rahman, anunci\u00f3 hoy que 14 efectivos del Ministerio perdieron la vida y otros 10 resultaron heridos en una emboscada por parte de los remanentes del r\u00e9gimen criminal en el campo de la gobernaci\u00f3n de Tartous.<\/p>\n<p style=\"text-align: justify;\">Aclar\u00f3 que los efectivos cumpl\u00edan sus deberes de mantener la seguridad y la protecci\u00f3n del pueblo.<\/p>\n<p style=\"text-align: justify;\">Abd Al-Rahman asegur\u00f3 que el Ministerio del Interior dio un ejemplo de sacrificio para preservar la seguridad y estabilidad de Siria y su pueblo.<\/p>\n<p style=\"text-align: justify;\">Estos sacrificios no cesar\u00e1n hasta que se logre la estabilidad, y la seguridad se extienda al pueblo sirio, afirm\u00f3 el Titular.<\/p>\n<p style=\"text-align: justify;\">Agreg\u00f3 que la autoridad golpear\u00e1 con mano de hierro a cualquiera que se atreva a alterar la seguridad de Siria y las vidas de sus ciudadanos.<\/p>\n<p style=\"text-align: justify;\">fm\/as<\/p>\n","protected":false},"excerpt":{"rendered":"<p>Damasco, 26 dic (SANA) El ministro del Interior en el gobierno provisional de Siria, Muhammad Abd al-Rahman, anunci\u00f3 hoy que 14 efectivos del Ministerio perdieron la vida y otros 10 resultaron heridos en una emboscada por parte de los remanentes del r\u00e9gimen criminal en el campo de la gobernaci\u00f3n de Tartous. Aclar\u00f3 que los efectivos &hellip;<\/p>\n","protected":false},"author":42,"featured_media":344748,"comment_status":"closed","ping_status":"closed","sticky":false,"template":"","format":"standard","meta":{"footnotes":""},"categories":[597,20724,476,16688,7541],"tags":[],"class_list":["post-344746","post","type-post","status-publish","format-standard","has-post-thumbnail","","category-cinta-de-noticias","category-minuto-a-minuto","category-locales","category-nacionales","category-ultimas-noticias"],"_links":{"self":[{"href":"https:\/\/archive.sana.sy\/es\/index.php?rest_route=\/wp\/v2\/posts\/344746"}],"collection":[{"href":"https:\/\/archive.sana.sy\/es\/index.php?rest_route=\/wp\/v2\/posts"}],"about":[{"href":"https:\/\/archive.sana.sy\/es\/index.php?rest_route=\/wp\/v2\/types\/post"}],"author":[{"embeddable":true,"href":"https:\/\/archive.sana.sy\/es\/index.php?rest_route=\/wp\/v2\/users\/42"}],"replies":[{"embeddable":true,"href":"https:\/\/archive.sana.sy\/es\/index.php?rest_route=%2Fwp%2Fv2%2Fcomments&post=344746"}],"version-history":[{"count":1,"href":"https:\/\/archive.sana.sy\/es\/index.php?rest_route=\/wp\/v2\/posts\/344746\/revisions"}],"predecessor-version":[{"id":344749,"href":"https:\/\/archive.sana.sy\/es\/index.php?rest_route=\/wp\/v2\/posts\/344746\/revisions\/344749"}],"wp:featuredmedia":[{"embeddable":true,"href":"https:\/\/archive.sana.sy\/es\/index.php?rest_route=\/wp\/v2\/media\/344748"}],"wp:attachment":[{"href":"https:\/\/archive.sana.sy\/es\/index.php?rest_route=%2Fwp%2Fv2%2Fmedia&parent=344746"}],"wp:term":[{"taxonomy":"category","embeddable":true,"href":"https:\/\/archive.sana.sy\/es\/index.php?rest_route=%2Fwp%2Fv2%2Fcategories&post=344746"},{"taxonomy":"post_tag","embeddable":true,"href":"https:\/\/archive.sana.sy\/es\/index.php?rest_route=%2Fwp%2Fv2%2Ftags&post=344746"}],"curies":[{"name":"wp","href":"https:\/\/api.w.org\/{rel}","templated":true}]}}