{"id":344750,"date":"2024-12-26T10:57:23","date_gmt":"2024-12-26T07:57:23","guid":{"rendered":"https:\/\/sana.sy\/es\/?p=344750"},"modified":"2024-12-26T11:00:00","modified_gmt":"2024-12-26T08:00:00","slug":"ministros-de-exteriores-de-kuwait-y-siria-analizan-cooperacion-bilateral","status":"publish","type":"post","link":"https:\/\/archive.sana.sy\/es\/?p=344750","title":{"rendered":"Ministros de Exteriores de Kuwait y Siria analizan cooperaci\u00f3n bilateral"},"content":{"rendered":"<p style=\"text-align: justify;\"><span style=\"color: #800000;\"><strong>Damasco, 26 dic (SANA)<\/strong> <\/span>El ministro de Asuntos Exteriores, Asaad Al-Shaibani, recibi\u00f3 una llamada telef\u00f3nica de su par de Kuwait, Abdullah Ali Al-Yahya.<\/p>\n<p style=\"text-align: justify;\">El ministro kuwait\u00ed felicit\u00f3 al pueblo sirio por su victoria despu\u00e9s de una lucha que dur\u00f3 unos 14 a\u00f1os y destac\u00f3 el apoyo de su pa\u00eds a las medidas adoptadas por el nuevo gobierno de Damasco.<\/p>\n<p style=\"text-align: justify;\">Expres\u00f3 la disposici\u00f3n de Kuwait a cooperar de una manera que sirva a los intereses de ambos pa\u00edses y contribuya a la estabilidad de Siria.<\/p>\n<p style=\"text-align: justify;\">Por su parte, el ministro Al-Shaibani valor\u00f3 las posiciones del hermano Kuwait sobre la Revoluci\u00f3n siria y destac\u00f3 los fuertes lazos que unen a los dos pa\u00edses.<\/p>\n<p style=\"text-align: justify;\">fm\/as<\/p>\n","protected":false},"excerpt":{"rendered":"<p>Damasco, 26 dic (SANA) El ministro de Asuntos Exteriores, Asaad Al-Shaibani, recibi\u00f3 una llamada telef\u00f3nica de su par de Kuwait, Abdullah Ali Al-Yahya. El ministro kuwait\u00ed felicit\u00f3 al pueblo sirio por su victoria despu\u00e9s de una lucha que dur\u00f3 unos 14 a\u00f1os y destac\u00f3 el apoyo de su pa\u00eds a las medidas adoptadas por el &hellip;<\/p>\n","protected":false},"author":42,"featured_media":344751,"comment_status":"closed","ping_status":"closed","sticky":false,"template":"","format":"standard","meta":{"footnotes":""},"categories":[597,20724,467,7541],"tags":[],"class_list":["post-344750","post","type-post","status-publish","format-standard","has-post-thumbnail","","category-cinta-de-noticias","category-minuto-a-minuto","category-siria-y-el-mundo","category-ultimas-noticias"],"_links":{"self":[{"href":"https:\/\/archive.sana.sy\/es\/index.php?rest_route=\/wp\/v2\/posts\/344750"}],"collection":[{"href":"https:\/\/archive.sana.sy\/es\/index.php?rest_route=\/wp\/v2\/posts"}],"about":[{"href":"https:\/\/archive.sana.sy\/es\/index.php?rest_route=\/wp\/v2\/types\/post"}],"author":[{"embeddable":true,"href":"https:\/\/archive.sana.sy\/es\/index.php?rest_route=\/wp\/v2\/users\/42"}],"replies":[{"embeddable":true,"href":"https:\/\/archive.sana.sy\/es\/index.php?rest_route=%2Fwp%2Fv2%2Fcomments&post=344750"}],"version-history":[{"count":2,"href":"https:\/\/archive.sana.sy\/es\/index.php?rest_route=\/wp\/v2\/posts\/344750\/revisions"}],"predecessor-version":[{"id":344763,"href":"https:\/\/archive.sana.sy\/es\/index.php?rest_route=\/wp\/v2\/posts\/344750\/revisions\/344763"}],"wp:featuredmedia":[{"embeddable":true,"href":"https:\/\/archive.sana.sy\/es\/index.php?rest_route=\/wp\/v2\/media\/344751"}],"wp:attachment":[{"href":"https:\/\/archive.sana.sy\/es\/index.php?rest_route=%2Fwp%2Fv2%2Fmedia&parent=344750"}],"wp:term":[{"taxonomy":"category","embeddable":true,"href":"https:\/\/archive.sana.sy\/es\/index.php?rest_route=%2Fwp%2Fv2%2Fcategories&post=344750"},{"taxonomy":"post_tag","embeddable":true,"href":"https:\/\/archive.sana.sy\/es\/index.php?rest_route=%2Fwp%2Fv2%2Ftags&post=344750"}],"curies":[{"name":"wp","href":"https:\/\/api.w.org\/{rel}","templated":true}]}}