{"id":344756,"date":"2024-12-26T10:43:47","date_gmt":"2024-12-26T07:43:47","guid":{"rendered":"https:\/\/sana.sy\/es\/?p=344756"},"modified":"2024-12-26T10:44:22","modified_gmt":"2024-12-26T07:44:22","slug":"canciller-sirio-acuerda-con-su-par-libanes-intensificar-los-esfuerzos-para-mejorar-la-estabilidad-en-la-region","status":"publish","type":"post","link":"https:\/\/archive.sana.sy\/es\/?p=344756","title":{"rendered":"Canciller sirio acuerda con su par liban\u00e9s intensificar los esfuerzos para mejorar la estabilidad en la regi\u00f3n"},"content":{"rendered":"<p style=\"text-align: justify;\"><span style=\"color: #800000;\"><strong>Damasco, 26 dic (SANA)<\/strong> <\/span>El ministro de Asuntos Exteriores, Asaad Al-Shaibani, recibi\u00f3 una llamada telef\u00f3nica del ministro de Asuntos Exteriores y Emigrantes del L\u00edbano, Abdullah Bou Habib.<\/p>\n<p style=\"text-align: justify;\">El ministro Bou Habib confirm\u00f3 que el gobierno liban\u00e9s apoya al nuevo gobierno sirio y felicit\u00f3 al pueblo sirio por su victoria.<\/p>\n<p style=\"text-align: justify;\">A su vez, el ministro Al-Shaibani destac\u00f3 la profundidad de la relaci\u00f3n fraternal y la historia com\u00fan entre los pueblos sirio y liban\u00e9s, y subray\u00f3 la necesidad de preservarla de una manera que contribuya a los intereses de los dos pa\u00edses.<\/p>\n<p style=\"text-align: justify;\">Los dos ministros acordaron intensificar los esfuerzos para mejorar la estabilidad de la regi\u00f3n y mantener su seguridad.<\/p>\n<p style=\"text-align: justify;\">fm\/as<\/p>\n","protected":false},"excerpt":{"rendered":"<p>Damasco, 26 dic (SANA) El ministro de Asuntos Exteriores, Asaad Al-Shaibani, recibi\u00f3 una llamada telef\u00f3nica del ministro de Asuntos Exteriores y Emigrantes del L\u00edbano, Abdullah Bou Habib. El ministro Bou Habib confirm\u00f3 que el gobierno liban\u00e9s apoya al nuevo gobierno sirio y felicit\u00f3 al pueblo sirio por su victoria. A su vez, el ministro Al-Shaibani &hellip;<\/p>\n","protected":false},"author":42,"featured_media":344757,"comment_status":"closed","ping_status":"closed","sticky":false,"template":"","format":"standard","meta":{"footnotes":""},"categories":[597,20724,467,7541],"tags":[],"class_list":["post-344756","post","type-post","status-publish","format-standard","has-post-thumbnail","","category-cinta-de-noticias","category-minuto-a-minuto","category-siria-y-el-mundo","category-ultimas-noticias"],"_links":{"self":[{"href":"https:\/\/archive.sana.sy\/es\/index.php?rest_route=\/wp\/v2\/posts\/344756"}],"collection":[{"href":"https:\/\/archive.sana.sy\/es\/index.php?rest_route=\/wp\/v2\/posts"}],"about":[{"href":"https:\/\/archive.sana.sy\/es\/index.php?rest_route=\/wp\/v2\/types\/post"}],"author":[{"embeddable":true,"href":"https:\/\/archive.sana.sy\/es\/index.php?rest_route=\/wp\/v2\/users\/42"}],"replies":[{"embeddable":true,"href":"https:\/\/archive.sana.sy\/es\/index.php?rest_route=%2Fwp%2Fv2%2Fcomments&post=344756"}],"version-history":[{"count":1,"href":"https:\/\/archive.sana.sy\/es\/index.php?rest_route=\/wp\/v2\/posts\/344756\/revisions"}],"predecessor-version":[{"id":344758,"href":"https:\/\/archive.sana.sy\/es\/index.php?rest_route=\/wp\/v2\/posts\/344756\/revisions\/344758"}],"wp:featuredmedia":[{"embeddable":true,"href":"https:\/\/archive.sana.sy\/es\/index.php?rest_route=\/wp\/v2\/media\/344757"}],"wp:attachment":[{"href":"https:\/\/archive.sana.sy\/es\/index.php?rest_route=%2Fwp%2Fv2%2Fmedia&parent=344756"}],"wp:term":[{"taxonomy":"category","embeddable":true,"href":"https:\/\/archive.sana.sy\/es\/index.php?rest_route=%2Fwp%2Fv2%2Fcategories&post=344756"},{"taxonomy":"post_tag","embeddable":true,"href":"https:\/\/archive.sana.sy\/es\/index.php?rest_route=%2Fwp%2Fv2%2Ftags&post=344756"}],"curies":[{"name":"wp","href":"https:\/\/api.w.org\/{rel}","templated":true}]}}