{"id":344760,"date":"2024-12-26T10:58:02","date_gmt":"2024-12-26T07:58:02","guid":{"rendered":"https:\/\/sana.sy\/es\/?p=344760"},"modified":"2024-12-26T10:58:11","modified_gmt":"2024-12-26T07:58:11","slug":"cancilleres-de-siria-y-bahrein-examinan-desarrollo-de-la-cooperacion-bilateral","status":"publish","type":"post","link":"https:\/\/archive.sana.sy\/es\/?p=344760","title":{"rendered":"Cancilleres de Siria y Bahr\u00e9in examinan desarrollo de la cooperaci\u00f3n bilateral"},"content":{"rendered":"<p style=\"text-align: justify;\"><span style=\"color: #800000;\"><strong>Damasco, 26 dic (SANA)<\/strong> <\/span>El ministro de Asuntos Exteriores y Expatriados, Asaad Al-Shaibani, recibi\u00f3 una llamada telef\u00f3nica de su hom\u00f3logo bahrein\u00ed, Abdullatif bin Rashid Al-Zayani.<\/p>\n<p style=\"text-align: justify;\">El ministro Al-Zayani felicit\u00f3 al pueblo sirio por su gran victoria y manifest\u00f3 el apoyo del Reino de Bahr\u00e9in a la voluntad del pueblo sirio, as\u00ed como destac\u00f3 las medidas adoptadas por el nuevo liderazgo sirio.<\/p>\n<p style=\"text-align: justify;\">Ambos cancilleres repasaron las formas de desarrollar la cooperaci\u00f3n bilateral y la coordinaci\u00f3n conjunta para servir a los intereses de los dos pa\u00edses y pueblos hermanos.<\/p>\n<p style=\"text-align: justify;\">fm\/as<\/p>\n","protected":false},"excerpt":{"rendered":"<p>Damasco, 26 dic (SANA) El ministro de Asuntos Exteriores y Expatriados, Asaad Al-Shaibani, recibi\u00f3 una llamada telef\u00f3nica de su hom\u00f3logo bahrein\u00ed, Abdullatif bin Rashid Al-Zayani. El ministro Al-Zayani felicit\u00f3 al pueblo sirio por su gran victoria y manifest\u00f3 el apoyo del Reino de Bahr\u00e9in a la voluntad del pueblo sirio, as\u00ed como destac\u00f3 las medidas &hellip;<\/p>\n","protected":false},"author":42,"featured_media":344761,"comment_status":"closed","ping_status":"closed","sticky":false,"template":"","format":"standard","meta":{"footnotes":""},"categories":[597,20724,467,7541],"tags":[],"class_list":["post-344760","post","type-post","status-publish","format-standard","has-post-thumbnail","","category-cinta-de-noticias","category-minuto-a-minuto","category-siria-y-el-mundo","category-ultimas-noticias"],"_links":{"self":[{"href":"https:\/\/archive.sana.sy\/es\/index.php?rest_route=\/wp\/v2\/posts\/344760"}],"collection":[{"href":"https:\/\/archive.sana.sy\/es\/index.php?rest_route=\/wp\/v2\/posts"}],"about":[{"href":"https:\/\/archive.sana.sy\/es\/index.php?rest_route=\/wp\/v2\/types\/post"}],"author":[{"embeddable":true,"href":"https:\/\/archive.sana.sy\/es\/index.php?rest_route=\/wp\/v2\/users\/42"}],"replies":[{"embeddable":true,"href":"https:\/\/archive.sana.sy\/es\/index.php?rest_route=%2Fwp%2Fv2%2Fcomments&post=344760"}],"version-history":[{"count":1,"href":"https:\/\/archive.sana.sy\/es\/index.php?rest_route=\/wp\/v2\/posts\/344760\/revisions"}],"predecessor-version":[{"id":344762,"href":"https:\/\/archive.sana.sy\/es\/index.php?rest_route=\/wp\/v2\/posts\/344760\/revisions\/344762"}],"wp:featuredmedia":[{"embeddable":true,"href":"https:\/\/archive.sana.sy\/es\/index.php?rest_route=\/wp\/v2\/media\/344761"}],"wp:attachment":[{"href":"https:\/\/archive.sana.sy\/es\/index.php?rest_route=%2Fwp%2Fv2%2Fmedia&parent=344760"}],"wp:term":[{"taxonomy":"category","embeddable":true,"href":"https:\/\/archive.sana.sy\/es\/index.php?rest_route=%2Fwp%2Fv2%2Fcategories&post=344760"},{"taxonomy":"post_tag","embeddable":true,"href":"https:\/\/archive.sana.sy\/es\/index.php?rest_route=%2Fwp%2Fv2%2Ftags&post=344760"}],"curies":[{"name":"wp","href":"https:\/\/api.w.org\/{rel}","templated":true}]}}