{"id":344764,"date":"2024-12-26T13:07:23","date_gmt":"2024-12-26T10:07:23","guid":{"rendered":"https:\/\/sana.sy\/es\/?p=344764"},"modified":"2024-12-26T13:07:31","modified_gmt":"2024-12-26T10:07:31","slug":"al-sharaa-iniciamos-una-respuesta-a-las-necesidades-de-los-centros-de-salud-en-toda-siria","status":"publish","type":"post","link":"https:\/\/archive.sana.sy\/es\/?p=344764","title":{"rendered":"Al-Sharaa: Iniciamos una respuesta a las necesidades de los centros de salud en toda Siria"},"content":{"rendered":"<p style=\"text-align: justify;\"><span style=\"color: #800000;\"><strong>Deraa, 26 dic (SANA)<\/strong> <\/span>El encargado del Ministerio de Salud en el gobierno provisional, Maher Al-Sharaa, afirm\u00f3 que el Ministerio est\u00e1 trabajando con todos sus cuadros las 24 horas del d\u00eda, para asegurar todos los requisitos que garanticen que las instalaciones de salud contin\u00faen brindando sus servicios a los ciudadanos en todas las gobernaciones.<\/p>\n<p style=\"text-align: justify;\">Al-Sharaa asegur\u00f3 durante su visita al Hospital Nacional de Deraa y su reuni\u00f3n con los directores de los hospitales de la gobernaci\u00f3n y el personal sanitario all\u00ed, que el Ministerio de Salud llev\u00f3 a cabo durante los \u00faltimos d\u00edas una evaluaci\u00f3n de las necesidades de todas las instalaciones en toda Siria en cooperaci\u00f3n con las direcciones de salud.<\/p>\n<p style=\"text-align: justify;\">Aclar\u00f3 que se ha comenzado a trabajar para cubrir estas necesidades.<\/p>\n<p style=\"text-align: justify;\">En su respuesta a las preguntas de la audiencia sobre la intenci\u00f3n del Ministerio de reducir los cuadros del sector de la salud, Al-Sharaa confirm\u00f3 que el gobierno no tiene intenci\u00f3n de despedir a los empleados, sino que existe un plan gradual para reestructurar el personal y los cuadros humanos para asegurar que el servicio se preste de manera \u00f3ptima.<\/p>\n<p style=\"text-align: justify;\">fm\/as<\/p>\n","protected":false},"excerpt":{"rendered":"<p>Deraa, 26 dic (SANA) El encargado del Ministerio de Salud en el gobierno provisional, Maher Al-Sharaa, afirm\u00f3 que el Ministerio est\u00e1 trabajando con todos sus cuadros las 24 horas del d\u00eda, para asegurar todos los requisitos que garanticen que las instalaciones de salud contin\u00faen brindando sus servicios a los ciudadanos en todas las gobernaciones. Al-Sharaa &hellip;<\/p>\n","protected":false},"author":42,"featured_media":344766,"comment_status":"closed","ping_status":"closed","sticky":false,"template":"","format":"standard","meta":{"footnotes":""},"categories":[597,20724,476,16688,7541],"tags":[],"class_list":["post-344764","post","type-post","status-publish","format-standard","has-post-thumbnail","","category-cinta-de-noticias","category-minuto-a-minuto","category-locales","category-nacionales","category-ultimas-noticias"],"_links":{"self":[{"href":"https:\/\/archive.sana.sy\/es\/index.php?rest_route=\/wp\/v2\/posts\/344764"}],"collection":[{"href":"https:\/\/archive.sana.sy\/es\/index.php?rest_route=\/wp\/v2\/posts"}],"about":[{"href":"https:\/\/archive.sana.sy\/es\/index.php?rest_route=\/wp\/v2\/types\/post"}],"author":[{"embeddable":true,"href":"https:\/\/archive.sana.sy\/es\/index.php?rest_route=\/wp\/v2\/users\/42"}],"replies":[{"embeddable":true,"href":"https:\/\/archive.sana.sy\/es\/index.php?rest_route=%2Fwp%2Fv2%2Fcomments&post=344764"}],"version-history":[{"count":1,"href":"https:\/\/archive.sana.sy\/es\/index.php?rest_route=\/wp\/v2\/posts\/344764\/revisions"}],"predecessor-version":[{"id":344767,"href":"https:\/\/archive.sana.sy\/es\/index.php?rest_route=\/wp\/v2\/posts\/344764\/revisions\/344767"}],"wp:featuredmedia":[{"embeddable":true,"href":"https:\/\/archive.sana.sy\/es\/index.php?rest_route=\/wp\/v2\/media\/344766"}],"wp:attachment":[{"href":"https:\/\/archive.sana.sy\/es\/index.php?rest_route=%2Fwp%2Fv2%2Fmedia&parent=344764"}],"wp:term":[{"taxonomy":"category","embeddable":true,"href":"https:\/\/archive.sana.sy\/es\/index.php?rest_route=%2Fwp%2Fv2%2Fcategories&post=344764"},{"taxonomy":"post_tag","embeddable":true,"href":"https:\/\/archive.sana.sy\/es\/index.php?rest_route=%2Fwp%2Fv2%2Ftags&post=344764"}],"curies":[{"name":"wp","href":"https:\/\/api.w.org\/{rel}","templated":true}]}}