{"id":34477,"date":"2015-12-01T12:14:29","date_gmt":"2015-12-01T10:14:29","guid":{"rendered":"http:\/\/sana.sy\/es\/?p=34477"},"modified":"2015-12-01T14:57:40","modified_gmt":"2015-12-01T12:57:40","slug":"al-zoubi-la-guerra-terrorista-contra-siria-se-debe-a-su-respaldo-a-la-causa-palestina","status":"publish","type":"post","link":"https:\/\/archive.sana.sy\/es\/?p=34477","title":{"rendered":"Al-Zoubi: la guerra terrorista contra Siria se debe a su respaldo a la causa palestina"},"content":{"rendered":"<p><span style=\"color: #800000\">Damasco, SANA<\/span><\/p>\n<p>El ministro de Informaci\u00f3n, Omran al-Zoubi, subray\u00f3 que la guerra terrorista contra Siria se debe a su respaldo a la Causa Palestina, indicando que Damasco tiene el honor de pagar caro el precio de su apoyo a Paletsina.<\/p>\n<p>La afirmaci\u00f3n del ministro sirio tuvo lugar durante su discurso pronunciado en el Foro organizado por la Fundaci\u00f3n &#8220;Jerusalem International- Syria&#8221;, bajo el t\u00edtulo: &#8220;Intifada hasta la victoria&#8221;, que se celebra en Damasco con motivo del D\u00eda Internacional de Solidaridad con el Pueblo Palestino.<\/p>\n<p>Al-Zoubi asegur\u00f3 que la identidad del pueblo palestino no es tema de debate y discusi\u00f3n, destacando que los sirios viven la preocupaci\u00f3n palestina en cada detalle de su vida diaria.<br \/>\nLas labores del foro hab\u00edan iniciado en el Museo Nacional de Damasco.<\/p>\n<p>En una palabra ,la presidenta de la Junta de Secretarios de la Asociaci\u00f3n Internacional deal- Qudus, Bothaina Shaaban dirigi\u00f3 un llamado a los historiadores, intelectuales y abogados \u00e1rabes para esforzarse \u00a0para documentar los cr\u00edmenes del sionismo.<\/p>\n<p>Asimismo llam\u00f3 a los periodistas \u00e1rabes a alzar la voz de la verdad y desenmascarar las atrocidades del sionismo ante todo el mundo.<\/p>\n<p><span style=\"color: #3366ff\">Fady M.M, Hala b.<\/span><\/p>\n","protected":false},"excerpt":{"rendered":"<p>Damasco, SANA El ministro de Informaci\u00f3n, Omran al-Zoubi, subray\u00f3 que la guerra terrorista contra Siria se debe a su respaldo a la Causa Palestina, indicando que Damasco tiene el honor de pagar caro el precio de su apoyo a Paletsina. La afirmaci\u00f3n del ministro sirio tuvo lugar durante su discurso pronunciado en el Foro organizado &hellip;<\/p>\n","protected":false},"author":1,"featured_media":34478,"comment_status":"closed","ping_status":"closed","sticky":false,"template":"","format":"standard","meta":{"footnotes":""},"categories":[477,597,476],"tags":[7503],"class_list":["post-34477","post","type-post","status-publish","format-standard","has-post-thumbnail","","category-noticias-edulcorantes","category-cinta-de-noticias","category-locales","tag-al-zoubi-la-guerra-terrorista-contra-siria-se-debe-a-su-respaldo-a-la-causa-palestina"],"_links":{"self":[{"href":"https:\/\/archive.sana.sy\/es\/index.php?rest_route=\/wp\/v2\/posts\/34477"}],"collection":[{"href":"https:\/\/archive.sana.sy\/es\/index.php?rest_route=\/wp\/v2\/posts"}],"about":[{"href":"https:\/\/archive.sana.sy\/es\/index.php?rest_route=\/wp\/v2\/types\/post"}],"author":[{"embeddable":true,"href":"https:\/\/archive.sana.sy\/es\/index.php?rest_route=\/wp\/v2\/users\/1"}],"replies":[{"embeddable":true,"href":"https:\/\/archive.sana.sy\/es\/index.php?rest_route=%2Fwp%2Fv2%2Fcomments&post=34477"}],"version-history":[{"count":0,"href":"https:\/\/archive.sana.sy\/es\/index.php?rest_route=\/wp\/v2\/posts\/34477\/revisions"}],"wp:featuredmedia":[{"embeddable":true,"href":"https:\/\/archive.sana.sy\/es\/index.php?rest_route=\/wp\/v2\/media\/34478"}],"wp:attachment":[{"href":"https:\/\/archive.sana.sy\/es\/index.php?rest_route=%2Fwp%2Fv2%2Fmedia&parent=34477"}],"wp:term":[{"taxonomy":"category","embeddable":true,"href":"https:\/\/archive.sana.sy\/es\/index.php?rest_route=%2Fwp%2Fv2%2Fcategories&post=34477"},{"taxonomy":"post_tag","embeddable":true,"href":"https:\/\/archive.sana.sy\/es\/index.php?rest_route=%2Fwp%2Fv2%2Ftags&post=34477"}],"curies":[{"name":"wp","href":"https:\/\/api.w.org\/{rel}","templated":true}]}}