{"id":34483,"date":"2015-12-01T13:22:57","date_gmt":"2015-12-01T11:22:57","guid":{"rendered":"http:\/\/sana.sy\/es\/?p=34483"},"modified":"2015-12-01T13:22:57","modified_gmt":"2015-12-01T11:22:57","slug":"gobierno-aleman-aprueba-participacion-militar-de-berlin-en-la-coalicion-contra-el-ei","status":"publish","type":"post","link":"https:\/\/archive.sana.sy\/es\/?p=34483","title":{"rendered":"Gobierno alem\u00e1n aprueba participaci\u00f3n militar de Berl\u00edn en la Coalici\u00f3n contra el EI"},"content":{"rendered":"<p>&nbsp;<\/p>\n<p>Berl\u00edn, SANA<\/p>\n<p>El Gobierno federal de Alemania aprob\u00f3 la participaci\u00f3n de las Fuerzas Armadas del pa\u00eds en la coalici\u00f3n liderada por EE.UU para combatir a la organizaci\u00f3n terrorista del Estado Isl\u00e1mico.\u00e7<\/p>\n<p>Los planes aprobados por el Gobierno alem\u00e1n prev\u00e9n la participaci\u00f3n de hasta 1.200 militares de las Fuerzas Armadas en la misi\u00f3n antiterrorista.<\/p>\n<p>La duraci\u00f3n de la campa\u00f1a es de un a\u00f1o, pero puede prolongarse. No obstante, la decisi\u00f3n todav\u00eda debe ser aprobada por el Parlamento alem\u00e1n.<\/p>\n<p>Se estima que el coste de la misi\u00f3n se situar\u00e1 en torno a los 134 millones de euros (unos 142 millones de d\u00f3lares).<\/p>\n<p>Fady M., Hala B.<\/p>\n","protected":false},"excerpt":{"rendered":"<p>&nbsp; Berl\u00edn, SANA El Gobierno federal de Alemania aprob\u00f3 la participaci\u00f3n de las Fuerzas Armadas del pa\u00eds en la coalici\u00f3n liderada por EE.UU para combatir a la organizaci\u00f3n terrorista del Estado Isl\u00e1mico.\u00e7 Los planes aprobados por el Gobierno alem\u00e1n prev\u00e9n la participaci\u00f3n de hasta 1.200 militares de las Fuerzas Armadas en la misi\u00f3n antiterrorista. La &hellip;<\/p>\n","protected":false},"author":1,"featured_media":34484,"comment_status":"closed","ping_status":"closed","sticky":false,"template":"","format":"standard","meta":{"footnotes":""},"categories":[456,457,576,1],"tags":[],"class_list":["post-34483","post","type-post","status-publish","format-standard","has-post-thumbnail","","category-arabe-internacional-politica","category-noticias-arabe-internacional-politica","category-noticias-politicas","category-news-not-sorted"],"_links":{"self":[{"href":"https:\/\/archive.sana.sy\/es\/index.php?rest_route=\/wp\/v2\/posts\/34483"}],"collection":[{"href":"https:\/\/archive.sana.sy\/es\/index.php?rest_route=\/wp\/v2\/posts"}],"about":[{"href":"https:\/\/archive.sana.sy\/es\/index.php?rest_route=\/wp\/v2\/types\/post"}],"author":[{"embeddable":true,"href":"https:\/\/archive.sana.sy\/es\/index.php?rest_route=\/wp\/v2\/users\/1"}],"replies":[{"embeddable":true,"href":"https:\/\/archive.sana.sy\/es\/index.php?rest_route=%2Fwp%2Fv2%2Fcomments&post=34483"}],"version-history":[{"count":0,"href":"https:\/\/archive.sana.sy\/es\/index.php?rest_route=\/wp\/v2\/posts\/34483\/revisions"}],"wp:featuredmedia":[{"embeddable":true,"href":"https:\/\/archive.sana.sy\/es\/index.php?rest_route=\/wp\/v2\/media\/34484"}],"wp:attachment":[{"href":"https:\/\/archive.sana.sy\/es\/index.php?rest_route=%2Fwp%2Fv2%2Fmedia&parent=34483"}],"wp:term":[{"taxonomy":"category","embeddable":true,"href":"https:\/\/archive.sana.sy\/es\/index.php?rest_route=%2Fwp%2Fv2%2Fcategories&post=34483"},{"taxonomy":"post_tag","embeddable":true,"href":"https:\/\/archive.sana.sy\/es\/index.php?rest_route=%2Fwp%2Fv2%2Ftags&post=34483"}],"curies":[{"name":"wp","href":"https:\/\/api.w.org\/{rel}","templated":true}]}}