{"id":344839,"date":"2024-12-30T10:01:02","date_gmt":"2024-12-30T07:01:02","guid":{"rendered":"https:\/\/sana.sy\/es\/?p=344839"},"modified":"2024-12-30T10:01:44","modified_gmt":"2024-12-30T07:01:44","slug":"canciller-sirio-recibe-a-viceministro-de-asuntos-exteriores-de-azerbaiyan","status":"publish","type":"post","link":"https:\/\/archive.sana.sy\/es\/?p=344839","title":{"rendered":"Canciller sirio recibe a Viceministro de Asuntos Exteriores de Azerbaiy\u00e1n"},"content":{"rendered":"<p style=\"text-align: justify;\"><span style=\"color: #800000;\"><strong>Damasco, 30 dic (SANA)<\/strong> <\/span>El ministro de Asuntos Exteriores y Expatriados, Asaad Al-Shaibani, recibi\u00f3 hoy a una delegaci\u00f3n encabezada por el viceministro de Asuntos Exteriores de Azerbaiy\u00e1n, Yargen Rafiev.<\/p>\n<p style=\"text-align: justify;\">Rafiev traslad\u00f3 las felicitaciones de los dirigentes de su pa\u00eds al pueblo sirio por su victoria, y subray\u00f3 el apoyo de su pa\u00eds al nuevo gobierno en su empe\u00f1o por el avance y la reconstrucci\u00f3n de Siria.<\/p>\n<p style=\"text-align: justify;\">El diplom\u00e1tico azer\u00ed destac\u00f3 la importancia de desarrollar las relaciones entre los dos pa\u00edses y reabrir la embajada despu\u00e9s de 12 a\u00f1os de interrupci\u00f3n.<\/p>\n<p style=\"text-align: justify;\">A su vez, el ministro Al-Shaybani agradeci\u00f3 a la delegaci\u00f3n de Azerbaiy\u00e1n por la visita y valor\u00f3 su posici\u00f3n en apoyo al pueblo sirio.<\/p>\n<p style=\"text-align: justify;\"><span style=\"color: #800000;\"><strong>fm\/ws<\/strong><\/span><\/p>\n","protected":false},"excerpt":{"rendered":"<p>Damasco, 30 dic (SANA) El ministro de Asuntos Exteriores y Expatriados, Asaad Al-Shaibani, recibi\u00f3 hoy a una delegaci\u00f3n encabezada por el viceministro de Asuntos Exteriores de Azerbaiy\u00e1n, Yargen Rafiev. Rafiev traslad\u00f3 las felicitaciones de los dirigentes de su pa\u00eds al pueblo sirio por su victoria, y subray\u00f3 el apoyo de su pa\u00eds al nuevo gobierno &hellip;<\/p>\n","protected":false},"author":35,"featured_media":344840,"comment_status":"closed","ping_status":"closed","sticky":false,"template":"","format":"standard","meta":{"footnotes":""},"categories":[597,20724,476,7541],"tags":[],"class_list":["post-344839","post","type-post","status-publish","format-standard","has-post-thumbnail","","category-cinta-de-noticias","category-minuto-a-minuto","category-locales","category-ultimas-noticias"],"_links":{"self":[{"href":"https:\/\/archive.sana.sy\/es\/index.php?rest_route=\/wp\/v2\/posts\/344839"}],"collection":[{"href":"https:\/\/archive.sana.sy\/es\/index.php?rest_route=\/wp\/v2\/posts"}],"about":[{"href":"https:\/\/archive.sana.sy\/es\/index.php?rest_route=\/wp\/v2\/types\/post"}],"author":[{"embeddable":true,"href":"https:\/\/archive.sana.sy\/es\/index.php?rest_route=\/wp\/v2\/users\/35"}],"replies":[{"embeddable":true,"href":"https:\/\/archive.sana.sy\/es\/index.php?rest_route=%2Fwp%2Fv2%2Fcomments&post=344839"}],"version-history":[{"count":2,"href":"https:\/\/archive.sana.sy\/es\/index.php?rest_route=\/wp\/v2\/posts\/344839\/revisions"}],"predecessor-version":[{"id":344842,"href":"https:\/\/archive.sana.sy\/es\/index.php?rest_route=\/wp\/v2\/posts\/344839\/revisions\/344842"}],"wp:featuredmedia":[{"embeddable":true,"href":"https:\/\/archive.sana.sy\/es\/index.php?rest_route=\/wp\/v2\/media\/344840"}],"wp:attachment":[{"href":"https:\/\/archive.sana.sy\/es\/index.php?rest_route=%2Fwp%2Fv2%2Fmedia&parent=344839"}],"wp:term":[{"taxonomy":"category","embeddable":true,"href":"https:\/\/archive.sana.sy\/es\/index.php?rest_route=%2Fwp%2Fv2%2Fcategories&post=344839"},{"taxonomy":"post_tag","embeddable":true,"href":"https:\/\/archive.sana.sy\/es\/index.php?rest_route=%2Fwp%2Fv2%2Ftags&post=344839"}],"curies":[{"name":"wp","href":"https:\/\/api.w.org\/{rel}","templated":true}]}}