{"id":344843,"date":"2024-12-30T11:22:01","date_gmt":"2024-12-30T08:22:01","guid":{"rendered":"https:\/\/sana.sy\/es\/?p=344843"},"modified":"2024-12-30T11:22:01","modified_gmt":"2024-12-30T08:22:01","slug":"ministro-de-agricultura-sirio-repasa-con-viceministro-turco-de-agricultura-las-vias-de-cooperacion","status":"publish","type":"post","link":"https:\/\/archive.sana.sy\/es\/?p=344843","title":{"rendered":"Ministro de Agricultura sirio repasa con viceministro turco de Agricultura las v\u00edas de cooperaci\u00f3n"},"content":{"rendered":"<p><span style=\"color: #800000;\"><strong>Damasco, 30 dic (SANA)<\/strong><\/span>\u00a0 \u00a0El ministro de Agricultura y Reforma Agraria en el gobierno interino se reuni\u00f3 con Muhammad Taha Al-Ahmad, el viceministro turco de Agricultura.<\/p>\n<p>Durante la reuni\u00f3n, se examinaron las formas de cooperaci\u00f3n conjunta entre los dos pa\u00edses.<\/p>\n<p><span style=\"color: #800000;\"><strong>fm\/ws<\/strong><\/span><\/p>\n","protected":false},"excerpt":{"rendered":"<p>Damasco, 30 dic (SANA)\u00a0 \u00a0El ministro de Agricultura y Reforma Agraria en el gobierno interino se reuni\u00f3 con Muhammad Taha Al-Ahmad, el viceministro turco de Agricultura. Durante la reuni\u00f3n, se examinaron las formas de cooperaci\u00f3n conjunta entre los dos pa\u00edses. fm\/ws<\/p>\n","protected":false},"author":35,"featured_media":344844,"comment_status":"closed","ping_status":"closed","sticky":false,"template":"","format":"standard","meta":{"footnotes":""},"categories":[597,20724,476,7541],"tags":[],"class_list":["post-344843","post","type-post","status-publish","format-standard","has-post-thumbnail","","category-cinta-de-noticias","category-minuto-a-minuto","category-locales","category-ultimas-noticias"],"_links":{"self":[{"href":"https:\/\/archive.sana.sy\/es\/index.php?rest_route=\/wp\/v2\/posts\/344843"}],"collection":[{"href":"https:\/\/archive.sana.sy\/es\/index.php?rest_route=\/wp\/v2\/posts"}],"about":[{"href":"https:\/\/archive.sana.sy\/es\/index.php?rest_route=\/wp\/v2\/types\/post"}],"author":[{"embeddable":true,"href":"https:\/\/archive.sana.sy\/es\/index.php?rest_route=\/wp\/v2\/users\/35"}],"replies":[{"embeddable":true,"href":"https:\/\/archive.sana.sy\/es\/index.php?rest_route=%2Fwp%2Fv2%2Fcomments&post=344843"}],"version-history":[{"count":1,"href":"https:\/\/archive.sana.sy\/es\/index.php?rest_route=\/wp\/v2\/posts\/344843\/revisions"}],"predecessor-version":[{"id":344845,"href":"https:\/\/archive.sana.sy\/es\/index.php?rest_route=\/wp\/v2\/posts\/344843\/revisions\/344845"}],"wp:featuredmedia":[{"embeddable":true,"href":"https:\/\/archive.sana.sy\/es\/index.php?rest_route=\/wp\/v2\/media\/344844"}],"wp:attachment":[{"href":"https:\/\/archive.sana.sy\/es\/index.php?rest_route=%2Fwp%2Fv2%2Fmedia&parent=344843"}],"wp:term":[{"taxonomy":"category","embeddable":true,"href":"https:\/\/archive.sana.sy\/es\/index.php?rest_route=%2Fwp%2Fv2%2Fcategories&post=344843"},{"taxonomy":"post_tag","embeddable":true,"href":"https:\/\/archive.sana.sy\/es\/index.php?rest_route=%2Fwp%2Fv2%2Ftags&post=344843"}],"curies":[{"name":"wp","href":"https:\/\/api.w.org\/{rel}","templated":true}]}}