{"id":344847,"date":"2024-12-31T10:21:51","date_gmt":"2024-12-31T07:21:51","guid":{"rendered":"https:\/\/sana.sy\/es\/?p=344847"},"modified":"2024-12-31T10:58:05","modified_gmt":"2024-12-31T07:58:05","slug":"jefe-de-la-nueva-administracion-siria-recibe-al-canciller-de-ucrania-fotos","status":"publish","type":"post","link":"https:\/\/archive.sana.sy\/es\/?p=344847","title":{"rendered":"Jefe de la nueva administraci\u00f3n siria recibe al Canciller de Ucrania"},"content":{"rendered":"<p style=\"text-align: justify;\"><span style=\"color: #800000;\">Damasco, 31 dic (SANA)<\/span>\u00a0 El jefe de la nueva administraci\u00f3n siria, Ahmed Al-Sharaa, recibi\u00f3 a una delegaci\u00f3n ucraniana encabezada por el ministro de Asuntos Exteriores de Ucrania, Andriy Sepiga, y la delegaci\u00f3n oficial que le acompa\u00f1a.<\/p>\n<p style=\"text-align: justify;\">Asistieron al encuentro el ministro de Asuntos Exteriores, Asaad Al-Shaibani, y el jefe del Servicio de Inteligencia, Anas Khattab.<\/p>\n<p style=\"text-align: justify;\">fm\/ed<\/p>\n","protected":false},"excerpt":{"rendered":"<p>Damasco, 31 dic (SANA)\u00a0 El jefe de la nueva administraci\u00f3n siria, Ahmed Al-Sharaa, recibi\u00f3 a una delegaci\u00f3n ucraniana encabezada por el ministro de Asuntos Exteriores de Ucrania, Andriy Sepiga, y la delegaci\u00f3n oficial que le acompa\u00f1a. Asistieron al encuentro el ministro de Asuntos Exteriores, Asaad Al-Shaibani, y el jefe del Servicio de Inteligencia, Anas Khattab. &hellip;<\/p>\n","protected":false},"author":32,"featured_media":344848,"comment_status":"closed","ping_status":"closed","sticky":false,"template":"","format":"standard","meta":{"footnotes":""},"categories":[597,20724,467,583],"tags":[],"class_list":["post-344847","post","type-post","status-publish","format-standard","has-post-thumbnail","","category-cinta-de-noticias","category-minuto-a-minuto","category-siria-y-el-mundo","category-slide"],"_links":{"self":[{"href":"https:\/\/archive.sana.sy\/es\/index.php?rest_route=\/wp\/v2\/posts\/344847"}],"collection":[{"href":"https:\/\/archive.sana.sy\/es\/index.php?rest_route=\/wp\/v2\/posts"}],"about":[{"href":"https:\/\/archive.sana.sy\/es\/index.php?rest_route=\/wp\/v2\/types\/post"}],"author":[{"embeddable":true,"href":"https:\/\/archive.sana.sy\/es\/index.php?rest_route=\/wp\/v2\/users\/32"}],"replies":[{"embeddable":true,"href":"https:\/\/archive.sana.sy\/es\/index.php?rest_route=%2Fwp%2Fv2%2Fcomments&post=344847"}],"version-history":[{"count":2,"href":"https:\/\/archive.sana.sy\/es\/index.php?rest_route=\/wp\/v2\/posts\/344847\/revisions"}],"predecessor-version":[{"id":344850,"href":"https:\/\/archive.sana.sy\/es\/index.php?rest_route=\/wp\/v2\/posts\/344847\/revisions\/344850"}],"wp:featuredmedia":[{"embeddable":true,"href":"https:\/\/archive.sana.sy\/es\/index.php?rest_route=\/wp\/v2\/media\/344848"}],"wp:attachment":[{"href":"https:\/\/archive.sana.sy\/es\/index.php?rest_route=%2Fwp%2Fv2%2Fmedia&parent=344847"}],"wp:term":[{"taxonomy":"category","embeddable":true,"href":"https:\/\/archive.sana.sy\/es\/index.php?rest_route=%2Fwp%2Fv2%2Fcategories&post=344847"},{"taxonomy":"post_tag","embeddable":true,"href":"https:\/\/archive.sana.sy\/es\/index.php?rest_route=%2Fwp%2Fv2%2Ftags&post=344847"}],"curies":[{"name":"wp","href":"https:\/\/api.w.org\/{rel}","templated":true}]}}