{"id":344851,"date":"2024-12-31T10:30:18","date_gmt":"2024-12-31T07:30:18","guid":{"rendered":"https:\/\/sana.sy\/es\/?p=344851"},"modified":"2024-12-31T10:58:09","modified_gmt":"2024-12-31T07:58:09","slug":"rueda-de-prensa-de-los-cancilleres-de-siria-y-ucrania-fotos","status":"publish","type":"post","link":"https:\/\/archive.sana.sy\/es\/?p=344851","title":{"rendered":"Rueda de prensa de los cancilleres de Siria y Ucrania (+ fotos)"},"content":{"rendered":"<p style=\"text-align: justify;\"><span style=\"color: #800000;\">Damasco, 31 dic (SANA)<\/span> El ministro de Asuntos Exteriores y Expatriados en el gobierno provisional, Asaad Al-Shaibani, confirm\u00f3 durante una conferencia de prensa con su hom\u00f3logo ucraniano, Andriy Sepiga, celebrada en Damasco, que la nueva Siria da la bienvenida a todas las delegaciones \u00e1rabes y extranjeras.<br \/>\nAl-Shaibani dijo que habr\u00e1 asociaciones estrat\u00e9gicas entre Siria y Ucrania a nivel pol\u00edtico, econ\u00f3mico, social y cient\u00edfico.<\/p>\n<p style=\"text-align: justify;\">Por su parte, el Ministro de Asuntos Exteriores de Ucrania afirm\u00f3 que las conversaciones con el jefe Ahmed Al-Sharaa y el canciller Al-Shaibani fueron pr\u00e1cticas.<\/p>\n<p style=\"text-align: justify;\">Transmit\u00ed un mensaje del presidente de Ucrania y m\u00edo personalmente, de que estamos con ustedes y los apoyamos para una Siria desarrollada, afirm\u00f3 el jefe de la diplomacia ucraniana.<\/p>\n<p style=\"text-align: justify;\"><a href=\"http:\/\/sana.sy\/es\/wp-content\/uploads\/2024\/12\/photo_2024-12-30_13-58-29-300x202-1.jpg\"><img loading=\"lazy\" decoding=\"async\" class=\" wp-image-344853 alignleft\" src=\"http:\/\/sana.sy\/es\/wp-content\/uploads\/2024\/12\/photo_2024-12-30_13-58-29-300x202-1.jpg\" alt=\"\" width=\"319\" height=\"215\" srcset=\"https:\/\/archive.sana.sy\/es\/wp-content\/uploads\/2024\/12\/photo_2024-12-30_13-58-29-300x202-1.jpg 300w, https:\/\/archive.sana.sy\/es\/wp-content\/uploads\/2024\/12\/photo_2024-12-30_13-58-29-300x202-1-150x101.jpg 150w, https:\/\/archive.sana.sy\/es\/wp-content\/uploads\/2024\/12\/photo_2024-12-30_13-58-29-300x202-1-110x75.jpg 110w\" sizes=\"(max-width: 319px) 100vw, 319px\" \/><\/a>Sepiga se\u00f1al\u00f3 que Kiev cumplir\u00e1 su promesa de ayudar a Siria con la seguridad alimentaria a trav\u00e9s de la iniciativa de cereales.<\/p>\n<p style=\"text-align: justify;\">M\u00e1s de 20 camiones con 500 toneladas de harina ser\u00e1n entregados al pueblo sirio y es una cantidad suficiente para 33.000 familias, y esta asistencia es gratuita y los pr\u00f3ximos lotes ser\u00e1n mayores, explic\u00f3.<\/p>\n<p style=\"text-align: justify;\">El Ministro ucraniano afirm\u00f3 que la presencia del Ministro de Agricultura, Pol\u00edtica Agr\u00edcola y Alimentaria en la delegaci\u00f3n ucraniana es una prueba de la seriedad del trabajo, ya que Ucrania seguir\u00e1 siendo garante de la seguridad alimentaria y est\u00e1 dispuesta a ayudar a pesar de la guerra que enfrenta.<\/p>\n<p style=\"text-align: justify;\">Expres\u00f3 el deseo de su pa\u00eds de ver muchos bienes y mercanc\u00edas sirias en los mercados ucranianos a pesar de las dif\u00edciles circunstancias que atraviesa.<\/p>\n<p style=\"text-align: justify;\">Creemos que las relaciones entre los dos pa\u00edses ser\u00e1n testigos de un gran desarrollo, concluy\u00f3.<\/p>\n<p style=\"text-align: justify;\">fm\/ed<\/p>\n","protected":false},"excerpt":{"rendered":"<p>Damasco, 31 dic (SANA) El ministro de Asuntos Exteriores y Expatriados en el gobierno provisional, Asaad Al-Shaibani, confirm\u00f3 durante una conferencia de prensa con su hom\u00f3logo ucraniano, Andriy Sepiga, celebrada en Damasco, que la nueva Siria da la bienvenida a todas las delegaciones \u00e1rabes y extranjeras. Al-Shaibani dijo que habr\u00e1 asociaciones estrat\u00e9gicas entre Siria y &hellip;<\/p>\n","protected":false},"author":32,"featured_media":344852,"comment_status":"closed","ping_status":"closed","sticky":false,"template":"","format":"standard","meta":{"footnotes":""},"categories":[597,20724,476,583],"tags":[],"class_list":["post-344851","post","type-post","status-publish","format-standard","has-post-thumbnail","","category-cinta-de-noticias","category-minuto-a-minuto","category-locales","category-slide"],"_links":{"self":[{"href":"https:\/\/archive.sana.sy\/es\/index.php?rest_route=\/wp\/v2\/posts\/344851"}],"collection":[{"href":"https:\/\/archive.sana.sy\/es\/index.php?rest_route=\/wp\/v2\/posts"}],"about":[{"href":"https:\/\/archive.sana.sy\/es\/index.php?rest_route=\/wp\/v2\/types\/post"}],"author":[{"embeddable":true,"href":"https:\/\/archive.sana.sy\/es\/index.php?rest_route=\/wp\/v2\/users\/32"}],"replies":[{"embeddable":true,"href":"https:\/\/archive.sana.sy\/es\/index.php?rest_route=%2Fwp%2Fv2%2Fcomments&post=344851"}],"version-history":[{"count":1,"href":"https:\/\/archive.sana.sy\/es\/index.php?rest_route=\/wp\/v2\/posts\/344851\/revisions"}],"predecessor-version":[{"id":344854,"href":"https:\/\/archive.sana.sy\/es\/index.php?rest_route=\/wp\/v2\/posts\/344851\/revisions\/344854"}],"wp:featuredmedia":[{"embeddable":true,"href":"https:\/\/archive.sana.sy\/es\/index.php?rest_route=\/wp\/v2\/media\/344852"}],"wp:attachment":[{"href":"https:\/\/archive.sana.sy\/es\/index.php?rest_route=%2Fwp%2Fv2%2Fmedia&parent=344851"}],"wp:term":[{"taxonomy":"category","embeddable":true,"href":"https:\/\/archive.sana.sy\/es\/index.php?rest_route=%2Fwp%2Fv2%2Fcategories&post=344851"},{"taxonomy":"post_tag","embeddable":true,"href":"https:\/\/archive.sana.sy\/es\/index.php?rest_route=%2Fwp%2Fv2%2Ftags&post=344851"}],"curies":[{"name":"wp","href":"https:\/\/api.w.org\/{rel}","templated":true}]}}