{"id":344864,"date":"2024-12-31T10:49:32","date_gmt":"2024-12-31T07:49:32","guid":{"rendered":"https:\/\/sana.sy\/es\/?p=344864"},"modified":"2024-12-31T14:01:13","modified_gmt":"2024-12-31T11:01:13","slug":"siria-y-sudan-acuerdan-ampliar-relaciones","status":"publish","type":"post","link":"https:\/\/archive.sana.sy\/es\/?p=344864","title":{"rendered":"Siria y Sud\u00e1n acuerdan ampliar relaciones"},"content":{"rendered":"<p style=\"text-align: justify;\"><span style=\"color: #800000;\">Damasco, 31 dic (SANA) <\/span>Los cancilleres de Siria y Sud\u00e1n, Asaad Al-Shaibani y Ali Youssef Al-Sharif, respectivamente, repasaron een una conversaci\u00f3n v\u00eda telef\u00f3nica, varias cuestiones de mutuo inter\u00e9s.<\/p>\n<p style=\"text-align: justify;\">El Ministro sudan\u00e9s felicit\u00f3 al pueblo sirio por su victoria y afirm\u00f3 el apoyo de Jartum al hermano pueblo sirio en el logro de la seguridad, estabilidad y la paz.<\/p>\n<p style=\"text-align: justify;\">Los dos ministros enfatizaron la importancia de ampliar las relaciones entre los dos pa\u00edses y aumentar la cooperaci\u00f3n para servir a los dos pueblos hermanos.<\/p>\n","protected":false},"excerpt":{"rendered":"<p>Damasco, 31 dic (SANA) Los cancilleres de Siria y Sud\u00e1n, Asaad Al-Shaibani y Ali Youssef Al-Sharif, respectivamente, repasaron een una conversaci\u00f3n v\u00eda telef\u00f3nica, varias cuestiones de mutuo inter\u00e9s. El Ministro sudan\u00e9s felicit\u00f3 al pueblo sirio por su victoria y afirm\u00f3 el apoyo de Jartum al hermano pueblo sirio en el logro de la seguridad, estabilidad &hellip;<\/p>\n","protected":false},"author":32,"featured_media":344865,"comment_status":"closed","ping_status":"closed","sticky":false,"template":"","format":"standard","meta":{"footnotes":""},"categories":[597,20724,467,7541],"tags":[],"class_list":["post-344864","post","type-post","status-publish","format-standard","has-post-thumbnail","","category-cinta-de-noticias","category-minuto-a-minuto","category-siria-y-el-mundo","category-ultimas-noticias"],"_links":{"self":[{"href":"https:\/\/archive.sana.sy\/es\/index.php?rest_route=\/wp\/v2\/posts\/344864"}],"collection":[{"href":"https:\/\/archive.sana.sy\/es\/index.php?rest_route=\/wp\/v2\/posts"}],"about":[{"href":"https:\/\/archive.sana.sy\/es\/index.php?rest_route=\/wp\/v2\/types\/post"}],"author":[{"embeddable":true,"href":"https:\/\/archive.sana.sy\/es\/index.php?rest_route=\/wp\/v2\/users\/32"}],"replies":[{"embeddable":true,"href":"https:\/\/archive.sana.sy\/es\/index.php?rest_route=%2Fwp%2Fv2%2Fcomments&post=344864"}],"version-history":[{"count":2,"href":"https:\/\/archive.sana.sy\/es\/index.php?rest_route=\/wp\/v2\/posts\/344864\/revisions"}],"predecessor-version":[{"id":344886,"href":"https:\/\/archive.sana.sy\/es\/index.php?rest_route=\/wp\/v2\/posts\/344864\/revisions\/344886"}],"wp:featuredmedia":[{"embeddable":true,"href":"https:\/\/archive.sana.sy\/es\/index.php?rest_route=\/wp\/v2\/media\/344865"}],"wp:attachment":[{"href":"https:\/\/archive.sana.sy\/es\/index.php?rest_route=%2Fwp%2Fv2%2Fmedia&parent=344864"}],"wp:term":[{"taxonomy":"category","embeddable":true,"href":"https:\/\/archive.sana.sy\/es\/index.php?rest_route=%2Fwp%2Fv2%2Fcategories&post=344864"},{"taxonomy":"post_tag","embeddable":true,"href":"https:\/\/archive.sana.sy\/es\/index.php?rest_route=%2Fwp%2Fv2%2Ftags&post=344864"}],"curies":[{"name":"wp","href":"https:\/\/api.w.org\/{rel}","templated":true}]}}