{"id":344870,"date":"2024-12-31T10:55:55","date_gmt":"2024-12-31T07:55:55","guid":{"rendered":"https:\/\/sana.sy\/es\/?p=344870"},"modified":"2024-12-31T10:55:55","modified_gmt":"2024-12-31T07:55:55","slug":"cancilleres-de-siria-e-iraq-intercambian-sobre-relaciones-diplomaticas","status":"publish","type":"post","link":"https:\/\/archive.sana.sy\/es\/?p=344870","title":{"rendered":"Cancilleres de Siria e Iraq intercambian sobre relaciones diplom\u00e1ticas"},"content":{"rendered":"<p style=\"text-align: justify;\"><strong><span style=\"color: #800000;\">Damasco, 31 dic (SANA) <\/span><\/strong>El ministro de Asuntos Exteriores y Expatriados, Asaad Al-Shaibani, recibi\u00f3 una llamada telef\u00f3nica de su hom\u00f3logo iraqu\u00ed, Fuad Hussein.<\/p>\n<p style=\"text-align: justify;\">El ministro iraqu\u00ed felicit\u00f3 al pueblo sirio por su victoria y manifest\u00f3 el apoyo de su pa\u00eds al fortalecimiento de la seguridad en Siria y a su integridad y estabilidad territorial.<\/p>\n<p style=\"text-align: justify;\">Los dos ministros afirmaron la necesidad de desarrollar las relaciones diplom\u00e1ticas entre los dos pa\u00edses hermanos, de una manera que sirva a los intereses de los dos pueblos.<\/p>\n<p style=\"text-align: justify;\">fm\/ed<\/p>\n","protected":false},"excerpt":{"rendered":"<p>Damasco, 31 dic (SANA) El ministro de Asuntos Exteriores y Expatriados, Asaad Al-Shaibani, recibi\u00f3 una llamada telef\u00f3nica de su hom\u00f3logo iraqu\u00ed, Fuad Hussein. El ministro iraqu\u00ed felicit\u00f3 al pueblo sirio por su victoria y manifest\u00f3 el apoyo de su pa\u00eds al fortalecimiento de la seguridad en Siria y a su integridad y estabilidad territorial. Los &hellip;<\/p>\n","protected":false},"author":32,"featured_media":344871,"comment_status":"closed","ping_status":"closed","sticky":false,"template":"","format":"standard","meta":{"footnotes":""},"categories":[597,20724,467,7541],"tags":[],"class_list":["post-344870","post","type-post","status-publish","format-standard","has-post-thumbnail","","category-cinta-de-noticias","category-minuto-a-minuto","category-siria-y-el-mundo","category-ultimas-noticias"],"_links":{"self":[{"href":"https:\/\/archive.sana.sy\/es\/index.php?rest_route=\/wp\/v2\/posts\/344870"}],"collection":[{"href":"https:\/\/archive.sana.sy\/es\/index.php?rest_route=\/wp\/v2\/posts"}],"about":[{"href":"https:\/\/archive.sana.sy\/es\/index.php?rest_route=\/wp\/v2\/types\/post"}],"author":[{"embeddable":true,"href":"https:\/\/archive.sana.sy\/es\/index.php?rest_route=\/wp\/v2\/users\/32"}],"replies":[{"embeddable":true,"href":"https:\/\/archive.sana.sy\/es\/index.php?rest_route=%2Fwp%2Fv2%2Fcomments&post=344870"}],"version-history":[{"count":1,"href":"https:\/\/archive.sana.sy\/es\/index.php?rest_route=\/wp\/v2\/posts\/344870\/revisions"}],"predecessor-version":[{"id":344872,"href":"https:\/\/archive.sana.sy\/es\/index.php?rest_route=\/wp\/v2\/posts\/344870\/revisions\/344872"}],"wp:featuredmedia":[{"embeddable":true,"href":"https:\/\/archive.sana.sy\/es\/index.php?rest_route=\/wp\/v2\/media\/344871"}],"wp:attachment":[{"href":"https:\/\/archive.sana.sy\/es\/index.php?rest_route=%2Fwp%2Fv2%2Fmedia&parent=344870"}],"wp:term":[{"taxonomy":"category","embeddable":true,"href":"https:\/\/archive.sana.sy\/es\/index.php?rest_route=%2Fwp%2Fv2%2Fcategories&post=344870"},{"taxonomy":"post_tag","embeddable":true,"href":"https:\/\/archive.sana.sy\/es\/index.php?rest_route=%2Fwp%2Fv2%2Ftags&post=344870"}],"curies":[{"name":"wp","href":"https:\/\/api.w.org\/{rel}","templated":true}]}}