{"id":344899,"date":"2025-01-01T10:46:56","date_gmt":"2025-01-01T07:46:56","guid":{"rendered":"https:\/\/sana.sy\/es\/?p=344899"},"modified":"2025-01-01T10:47:03","modified_gmt":"2025-01-01T07:47:03","slug":"cancilleres-de-siria-y-oman-abogan-por-impulsar-relaciones","status":"publish","type":"post","link":"https:\/\/archive.sana.sy\/es\/?p=344899","title":{"rendered":"Cancilleres de Siria y Om\u00e1n abogan por impulsar relaciones"},"content":{"rendered":"<p><span style=\"color: #800000;\"><strong>Damasco, 1 ene (SANA)<\/strong> <\/span>El ministro de Asuntos Exteriores y Expatriados, Asaad Al-Shaibani, recibi\u00f3 una llamada telef\u00f3nica de su hom\u00f3logo oman\u00ed, Badr Al-Busaidi.<\/p>\n<p>El canciller oman\u00ed felicit\u00f3 al pueblo sirio por su victoria y enfatiz\u00f3 que su pa\u00eds apoya la reconstrucci\u00f3n de Siria.<\/p>\n<p>Subray\u00f3 la necesidad de preservar la unidad de Siria con su tejido diverso, su estabilidad y seguridad, y trabajar para aumentar la cooperaci\u00f3n entre los dos pa\u00edses.<\/p>\n<p>Por su parte, Al-Shaibani acogi\u00f3 con satisfacci\u00f3n este contacto y destac\u00f3 la necesidad de desarrollar las relaciones entre los dos pa\u00edses y aumentar la coordinaci\u00f3n en el marco de la consolidaci\u00f3n de la seguridad y la paz en la regi\u00f3n.<\/p>\n","protected":false},"excerpt":{"rendered":"<p>Damasco, 1 ene (SANA) El ministro de Asuntos Exteriores y Expatriados, Asaad Al-Shaibani, recibi\u00f3 una llamada telef\u00f3nica de su hom\u00f3logo oman\u00ed, Badr Al-Busaidi. El canciller oman\u00ed felicit\u00f3 al pueblo sirio por su victoria y enfatiz\u00f3 que su pa\u00eds apoya la reconstrucci\u00f3n de Siria. Subray\u00f3 la necesidad de preservar la unidad de Siria con su tejido &hellip;<\/p>\n","protected":false},"author":42,"featured_media":344900,"comment_status":"closed","ping_status":"closed","sticky":false,"template":"","format":"standard","meta":{"footnotes":""},"categories":[597,20724,467,7541],"tags":[],"class_list":["post-344899","post","type-post","status-publish","format-standard","has-post-thumbnail","","category-cinta-de-noticias","category-minuto-a-minuto","category-siria-y-el-mundo","category-ultimas-noticias"],"_links":{"self":[{"href":"https:\/\/archive.sana.sy\/es\/index.php?rest_route=\/wp\/v2\/posts\/344899"}],"collection":[{"href":"https:\/\/archive.sana.sy\/es\/index.php?rest_route=\/wp\/v2\/posts"}],"about":[{"href":"https:\/\/archive.sana.sy\/es\/index.php?rest_route=\/wp\/v2\/types\/post"}],"author":[{"embeddable":true,"href":"https:\/\/archive.sana.sy\/es\/index.php?rest_route=\/wp\/v2\/users\/42"}],"replies":[{"embeddable":true,"href":"https:\/\/archive.sana.sy\/es\/index.php?rest_route=%2Fwp%2Fv2%2Fcomments&post=344899"}],"version-history":[{"count":1,"href":"https:\/\/archive.sana.sy\/es\/index.php?rest_route=\/wp\/v2\/posts\/344899\/revisions"}],"predecessor-version":[{"id":344901,"href":"https:\/\/archive.sana.sy\/es\/index.php?rest_route=\/wp\/v2\/posts\/344899\/revisions\/344901"}],"wp:featuredmedia":[{"embeddable":true,"href":"https:\/\/archive.sana.sy\/es\/index.php?rest_route=\/wp\/v2\/media\/344900"}],"wp:attachment":[{"href":"https:\/\/archive.sana.sy\/es\/index.php?rest_route=%2Fwp%2Fv2%2Fmedia&parent=344899"}],"wp:term":[{"taxonomy":"category","embeddable":true,"href":"https:\/\/archive.sana.sy\/es\/index.php?rest_route=%2Fwp%2Fv2%2Fcategories&post=344899"},{"taxonomy":"post_tag","embeddable":true,"href":"https:\/\/archive.sana.sy\/es\/index.php?rest_route=%2Fwp%2Fv2%2Ftags&post=344899"}],"curies":[{"name":"wp","href":"https:\/\/api.w.org\/{rel}","templated":true}]}}