{"id":344936,"date":"2025-01-03T10:09:07","date_gmt":"2025-01-03T07:09:07","guid":{"rendered":"https:\/\/sana.sy\/es\/?p=344936"},"modified":"2025-01-03T10:37:37","modified_gmt":"2025-01-03T07:37:37","slug":"ministro-de-defensa-de-siria-se-reune-con-el-jefe-del-estado-mayor-del-reino-de-arabia-saudita","status":"publish","type":"post","link":"https:\/\/archive.sana.sy\/es\/?p=344936","title":{"rendered":"Ministro de Defensa de Siria se re\u00fane con el Jefe del Estado Mayor del Reino de Arabia Saudita"},"content":{"rendered":"<p style=\"text-align: justify;\"><span style=\"color: #800000;\"><strong>Riad, 03 ene (SANA)<\/strong><\/span><\/p>\n<p style=\"text-align: justify;\">El ministro sirio de Defensa el general de divisi\u00f3n Murhaf Abu Qasra, se reuni\u00f3 con el jefe del Estado Mayor General de Arabia Saudita, Fayyad Al-Ruwaili.<\/p>\n<p style=\"text-align: justify;\">La reuni\u00f3n se produjo en el marco de la visita de una delegaci\u00f3n oficial siria de alto nivel a Riad.<\/p>\n<p style=\"text-align: justify;\"><img loading=\"lazy\" decoding=\"async\" class=\"alignnone wp-image-344938 size-full\" src=\"http:\/\/sana.sy\/es\/wp-content\/uploads\/2025\/01\/Ministro-Defensa-Siria-se-reune-con-el-Jefe-del-Estado-Mayor-del-Reino-de-Arabia-Saudita0.jpeg\" alt=\"\" width=\"1280\" height=\"958\" srcset=\"https:\/\/archive.sana.sy\/es\/wp-content\/uploads\/2025\/01\/Ministro-Defensa-Siria-se-reune-con-el-Jefe-del-Estado-Mayor-del-Reino-de-Arabia-Saudita0.jpeg 1280w, https:\/\/archive.sana.sy\/es\/wp-content\/uploads\/2025\/01\/Ministro-Defensa-Siria-se-reune-con-el-Jefe-del-Estado-Mayor-del-Reino-de-Arabia-Saudita0-300x225.jpeg 300w, https:\/\/archive.sana.sy\/es\/wp-content\/uploads\/2025\/01\/Ministro-Defensa-Siria-se-reune-con-el-Jefe-del-Estado-Mayor-del-Reino-de-Arabia-Saudita0-1024x766.jpeg 1024w, https:\/\/archive.sana.sy\/es\/wp-content\/uploads\/2025\/01\/Ministro-Defensa-Siria-se-reune-con-el-Jefe-del-Estado-Mayor-del-Reino-de-Arabia-Saudita0-150x112.jpeg 150w, https:\/\/archive.sana.sy\/es\/wp-content\/uploads\/2025\/01\/Ministro-Defensa-Siria-se-reune-con-el-Jefe-del-Estado-Mayor-del-Reino-de-Arabia-Saudita0-768x575.jpeg 768w\" sizes=\"(max-width: 1280px) 100vw, 1280px\" \/><\/p>\n<p style=\"text-align: justify;\">sm<\/p>\n","protected":false},"excerpt":{"rendered":"<p>Riad, 03 ene (SANA) El ministro sirio de Defensa el general de divisi\u00f3n Murhaf Abu Qasra, se reuni\u00f3 con el jefe del Estado Mayor General de Arabia Saudita, Fayyad Al-Ruwaili. La reuni\u00f3n se produjo en el marco de la visita de una delegaci\u00f3n oficial siria de alto nivel a Riad. sm<\/p>\n","protected":false},"author":39,"featured_media":344937,"comment_status":"closed","ping_status":"closed","sticky":false,"template":"","format":"standard","meta":{"footnotes":""},"categories":[597,20724,467,7541],"tags":[],"class_list":["post-344936","post","type-post","status-publish","format-standard","has-post-thumbnail","","category-cinta-de-noticias","category-minuto-a-minuto","category-siria-y-el-mundo","category-ultimas-noticias"],"_links":{"self":[{"href":"https:\/\/archive.sana.sy\/es\/index.php?rest_route=\/wp\/v2\/posts\/344936"}],"collection":[{"href":"https:\/\/archive.sana.sy\/es\/index.php?rest_route=\/wp\/v2\/posts"}],"about":[{"href":"https:\/\/archive.sana.sy\/es\/index.php?rest_route=\/wp\/v2\/types\/post"}],"author":[{"embeddable":true,"href":"https:\/\/archive.sana.sy\/es\/index.php?rest_route=\/wp\/v2\/users\/39"}],"replies":[{"embeddable":true,"href":"https:\/\/archive.sana.sy\/es\/index.php?rest_route=%2Fwp%2Fv2%2Fcomments&post=344936"}],"version-history":[{"count":8,"href":"https:\/\/archive.sana.sy\/es\/index.php?rest_route=\/wp\/v2\/posts\/344936\/revisions"}],"predecessor-version":[{"id":344946,"href":"https:\/\/archive.sana.sy\/es\/index.php?rest_route=\/wp\/v2\/posts\/344936\/revisions\/344946"}],"wp:featuredmedia":[{"embeddable":true,"href":"https:\/\/archive.sana.sy\/es\/index.php?rest_route=\/wp\/v2\/media\/344937"}],"wp:attachment":[{"href":"https:\/\/archive.sana.sy\/es\/index.php?rest_route=%2Fwp%2Fv2%2Fmedia&parent=344936"}],"wp:term":[{"taxonomy":"category","embeddable":true,"href":"https:\/\/archive.sana.sy\/es\/index.php?rest_route=%2Fwp%2Fv2%2Fcategories&post=344936"},{"taxonomy":"post_tag","embeddable":true,"href":"https:\/\/archive.sana.sy\/es\/index.php?rest_route=%2Fwp%2Fv2%2Ftags&post=344936"}],"curies":[{"name":"wp","href":"https:\/\/api.w.org\/{rel}","templated":true}]}}