{"id":344947,"date":"2025-01-03T09:51:51","date_gmt":"2025-01-03T06:51:51","guid":{"rendered":"https:\/\/sana.sy\/es\/?p=344947"},"modified":"2025-01-03T13:00:57","modified_gmt":"2025-01-03T10:00:57","slug":"canciller-sirio-visita-la-embajada-de-su-pais-en-la-capital-saudi-riad","status":"publish","type":"post","link":"https:\/\/archive.sana.sy\/es\/?p=344947","title":{"rendered":"Canciller sirio visita la embajada de su pa\u00eds en la capital saud\u00ed, Riad"},"content":{"rendered":"<p style=\"text-align: justify;\"><span style=\"color: #800000;\"><strong>Riad, 03 ene (SANA)\u00a0<\/strong> <\/span>El Ministro sirio de Asuntos Exteriores y Expatriados, Asaad Al-Shaibani, visita la embajada de la Rep\u00fablica \u00c1rabe Siria en la capital saud\u00ed, Riad.<\/p>\n<div id='gallery-1' class='gallery galleryid-344947 gallery-columns-1 gallery-size-full'><figure class='gallery-item'>\n\t\t\t<div class='gallery-icon landscape'>\n\t\t\t\t<a href='https:\/\/archive.sana.sy\/es\/?attachment_id=344951'><img loading=\"lazy\" decoding=\"async\" width=\"1280\" height=\"718\" src=\"https:\/\/archive.sana.sy\/es\/wp-content\/uploads\/2025\/01\/Canciller-sirio-visita-embajada-de-Siria-en-Riad000.jpg\" class=\"attachment-full size-full\" alt=\"\" srcset=\"https:\/\/archive.sana.sy\/es\/wp-content\/uploads\/2025\/01\/Canciller-sirio-visita-embajada-de-Siria-en-Riad000.jpg 1280w, https:\/\/archive.sana.sy\/es\/wp-content\/uploads\/2025\/01\/Canciller-sirio-visita-embajada-de-Siria-en-Riad000-300x168.jpg 300w, https:\/\/archive.sana.sy\/es\/wp-content\/uploads\/2025\/01\/Canciller-sirio-visita-embajada-de-Siria-en-Riad000-1024x574.jpg 1024w, https:\/\/archive.sana.sy\/es\/wp-content\/uploads\/2025\/01\/Canciller-sirio-visita-embajada-de-Siria-en-Riad000-150x84.jpg 150w, https:\/\/archive.sana.sy\/es\/wp-content\/uploads\/2025\/01\/Canciller-sirio-visita-embajada-de-Siria-en-Riad000-768x431.jpg 768w\" sizes=\"(max-width: 1280px) 100vw, 1280px\" \/><\/a>\n\t\t\t<\/div><\/figure><figure class='gallery-item'>\n\t\t\t<div class='gallery-icon landscape'>\n\t\t\t\t<a href='https:\/\/archive.sana.sy\/es\/?attachment_id=344949'><img loading=\"lazy\" decoding=\"async\" width=\"1280\" height=\"718\" src=\"https:\/\/archive.sana.sy\/es\/wp-content\/uploads\/2025\/01\/Canciller-sirio-visita-embajada-de-Siria-en-Riad.jpg\" class=\"attachment-full size-full\" alt=\"\" srcset=\"https:\/\/archive.sana.sy\/es\/wp-content\/uploads\/2025\/01\/Canciller-sirio-visita-embajada-de-Siria-en-Riad.jpg 1280w, https:\/\/archive.sana.sy\/es\/wp-content\/uploads\/2025\/01\/Canciller-sirio-visita-embajada-de-Siria-en-Riad-300x168.jpg 300w, https:\/\/archive.sana.sy\/es\/wp-content\/uploads\/2025\/01\/Canciller-sirio-visita-embajada-de-Siria-en-Riad-1024x574.jpg 1024w, https:\/\/archive.sana.sy\/es\/wp-content\/uploads\/2025\/01\/Canciller-sirio-visita-embajada-de-Siria-en-Riad-150x84.jpg 150w, https:\/\/archive.sana.sy\/es\/wp-content\/uploads\/2025\/01\/Canciller-sirio-visita-embajada-de-Siria-en-Riad-768x431.jpg 768w\" sizes=\"(max-width: 1280px) 100vw, 1280px\" \/><\/a>\n\t\t\t<\/div><\/figure><figure class='gallery-item'>\n\t\t\t<div class='gallery-icon landscape'>\n\t\t\t\t<a href='https:\/\/archive.sana.sy\/es\/?attachment_id=344950'><img loading=\"lazy\" decoding=\"async\" width=\"1280\" height=\"718\" src=\"https:\/\/archive.sana.sy\/es\/wp-content\/uploads\/2025\/01\/Canciller-sirio-visita-embajada-de-Siria-en-Riad00.jpg\" class=\"attachment-full size-full\" alt=\"\" srcset=\"https:\/\/archive.sana.sy\/es\/wp-content\/uploads\/2025\/01\/Canciller-sirio-visita-embajada-de-Siria-en-Riad00.jpg 1280w, https:\/\/archive.sana.sy\/es\/wp-content\/uploads\/2025\/01\/Canciller-sirio-visita-embajada-de-Siria-en-Riad00-300x168.jpg 300w, https:\/\/archive.sana.sy\/es\/wp-content\/uploads\/2025\/01\/Canciller-sirio-visita-embajada-de-Siria-en-Riad00-1024x574.jpg 1024w, https:\/\/archive.sana.sy\/es\/wp-content\/uploads\/2025\/01\/Canciller-sirio-visita-embajada-de-Siria-en-Riad00-150x84.jpg 150w, https:\/\/archive.sana.sy\/es\/wp-content\/uploads\/2025\/01\/Canciller-sirio-visita-embajada-de-Siria-en-Riad00-768x431.jpg 768w\" sizes=\"(max-width: 1280px) 100vw, 1280px\" \/><\/a>\n\t\t\t<\/div><\/figure>\n\t\t<\/div>\n\n<p style=\"text-align: justify;\">sm<\/p>\n","protected":false},"excerpt":{"rendered":"<p>Riad, 03 ene (SANA)\u00a0 El Ministro sirio de Asuntos Exteriores y Expatriados, Asaad Al-Shaibani, visita la embajada de la Rep\u00fablica \u00c1rabe Siria en la capital saud\u00ed, Riad. sm<\/p>\n","protected":false},"author":39,"featured_media":344948,"comment_status":"closed","ping_status":"closed","sticky":false,"template":"","format":"standard","meta":{"footnotes":""},"categories":[597,20724,467,7541],"tags":[],"class_list":["post-344947","post","type-post","status-publish","format-standard","has-post-thumbnail","","category-cinta-de-noticias","category-minuto-a-minuto","category-siria-y-el-mundo","category-ultimas-noticias"],"_links":{"self":[{"href":"https:\/\/archive.sana.sy\/es\/index.php?rest_route=\/wp\/v2\/posts\/344947"}],"collection":[{"href":"https:\/\/archive.sana.sy\/es\/index.php?rest_route=\/wp\/v2\/posts"}],"about":[{"href":"https:\/\/archive.sana.sy\/es\/index.php?rest_route=\/wp\/v2\/types\/post"}],"author":[{"embeddable":true,"href":"https:\/\/archive.sana.sy\/es\/index.php?rest_route=\/wp\/v2\/users\/39"}],"replies":[{"embeddable":true,"href":"https:\/\/archive.sana.sy\/es\/index.php?rest_route=%2Fwp%2Fv2%2Fcomments&post=344947"}],"version-history":[{"count":1,"href":"https:\/\/archive.sana.sy\/es\/index.php?rest_route=\/wp\/v2\/posts\/344947\/revisions"}],"predecessor-version":[{"id":344952,"href":"https:\/\/archive.sana.sy\/es\/index.php?rest_route=\/wp\/v2\/posts\/344947\/revisions\/344952"}],"wp:featuredmedia":[{"embeddable":true,"href":"https:\/\/archive.sana.sy\/es\/index.php?rest_route=\/wp\/v2\/media\/344948"}],"wp:attachment":[{"href":"https:\/\/archive.sana.sy\/es\/index.php?rest_route=%2Fwp%2Fv2%2Fmedia&parent=344947"}],"wp:term":[{"taxonomy":"category","embeddable":true,"href":"https:\/\/archive.sana.sy\/es\/index.php?rest_route=%2Fwp%2Fv2%2Fcategories&post=344947"},{"taxonomy":"post_tag","embeddable":true,"href":"https:\/\/archive.sana.sy\/es\/index.php?rest_route=%2Fwp%2Fv2%2Ftags&post=344947"}],"curies":[{"name":"wp","href":"https:\/\/api.w.org\/{rel}","templated":true}]}}