{"id":344953,"date":"2025-01-04T10:07:27","date_gmt":"2025-01-04T07:07:27","guid":{"rendered":"https:\/\/sana.sy\/es\/?p=344953"},"modified":"2025-01-04T12:16:10","modified_gmt":"2025-01-04T09:16:10","slug":"lider-al-sharaa-y-primer-ministro-del-libano-sostienen-conversacion-via-telefonica","status":"publish","type":"post","link":"https:\/\/archive.sana.sy\/es\/?p=344953","title":{"rendered":"L\u00edder Al-Sharaa y Primer Ministro del L\u00edbano sostienen conversaci\u00f3n v\u00eda telef\u00f3nica"},"content":{"rendered":"<p style=\"text-align: justify;\"><strong><span style=\"color: #800000;\">Damasco, 4 ene (SANA)<\/span><\/strong> El l\u00edder de la nueva autoridad en Siria, Ahmed Al-Sharaa, y el primer ministro liban\u00e9s Najib Mikati, sostuvieron una conversaci\u00f3n v\u00eda telef\u00f3nica.<\/p>\n<p style=\"text-align: justify;\">Mikati afirm\u00f3 que el L\u00edbano, con todos sus espectros, est\u00e1 con el pueblo sirio en la reconstruir de su pa\u00eds, y subray\u00f3 la necesidad de la cooperaci\u00f3n y coordinaci\u00f3n para controlar la seguridad fronteriza entre los dos pa\u00edses.<\/p>\n<p style=\"text-align: justify;\">Por su parte, Al-Sharaa destac\u00f3 la importancia de las relaciones con L\u00edbano y la necesidad de la cooperaci\u00f3n para controlar la seguridad en los dos pa\u00edses.<\/p>\n<p style=\"text-align: justify;\">Destac\u00f3 la arraigada y larga historia que une los dos pa\u00edses vecinos.<\/p>\n<p style=\"text-align: justify;\">\n","protected":false},"excerpt":{"rendered":"<p>Damasco, 4 ene (SANA) El l\u00edder de la nueva autoridad en Siria, Ahmed Al-Sharaa, y el primer ministro liban\u00e9s Najib Mikati, sostuvieron una conversaci\u00f3n v\u00eda telef\u00f3nica. Mikati afirm\u00f3 que el L\u00edbano, con todos sus espectros, est\u00e1 con el pueblo sirio en la reconstruir de su pa\u00eds, y subray\u00f3 la necesidad de la cooperaci\u00f3n y coordinaci\u00f3n &hellip;<\/p>\n","protected":false},"author":32,"featured_media":344954,"comment_status":"closed","ping_status":"closed","sticky":false,"template":"","format":"standard","meta":{"footnotes":""},"categories":[447,597,20724,467,583],"tags":[],"class_list":["post-344953","post","type-post","status-publish","format-standard","has-post-thumbnail","","category-local-politica","category-cinta-de-noticias","category-minuto-a-minuto","category-siria-y-el-mundo","category-slide"],"_links":{"self":[{"href":"https:\/\/archive.sana.sy\/es\/index.php?rest_route=\/wp\/v2\/posts\/344953"}],"collection":[{"href":"https:\/\/archive.sana.sy\/es\/index.php?rest_route=\/wp\/v2\/posts"}],"about":[{"href":"https:\/\/archive.sana.sy\/es\/index.php?rest_route=\/wp\/v2\/types\/post"}],"author":[{"embeddable":true,"href":"https:\/\/archive.sana.sy\/es\/index.php?rest_route=\/wp\/v2\/users\/32"}],"replies":[{"embeddable":true,"href":"https:\/\/archive.sana.sy\/es\/index.php?rest_route=%2Fwp%2Fv2%2Fcomments&post=344953"}],"version-history":[{"count":1,"href":"https:\/\/archive.sana.sy\/es\/index.php?rest_route=\/wp\/v2\/posts\/344953\/revisions"}],"predecessor-version":[{"id":344955,"href":"https:\/\/archive.sana.sy\/es\/index.php?rest_route=\/wp\/v2\/posts\/344953\/revisions\/344955"}],"wp:featuredmedia":[{"embeddable":true,"href":"https:\/\/archive.sana.sy\/es\/index.php?rest_route=\/wp\/v2\/media\/344954"}],"wp:attachment":[{"href":"https:\/\/archive.sana.sy\/es\/index.php?rest_route=%2Fwp%2Fv2%2Fmedia&parent=344953"}],"wp:term":[{"taxonomy":"category","embeddable":true,"href":"https:\/\/archive.sana.sy\/es\/index.php?rest_route=%2Fwp%2Fv2%2Fcategories&post=344953"},{"taxonomy":"post_tag","embeddable":true,"href":"https:\/\/archive.sana.sy\/es\/index.php?rest_route=%2Fwp%2Fv2%2Ftags&post=344953"}],"curies":[{"name":"wp","href":"https:\/\/api.w.org\/{rel}","templated":true}]}}