{"id":345013,"date":"2025-01-05T13:14:36","date_gmt":"2025-01-05T10:14:36","guid":{"rendered":"https:\/\/sana.sy\/es\/?p=345013"},"modified":"2025-01-05T13:14:36","modified_gmt":"2025-01-05T10:14:36","slug":"canciller-sirio-inicia-visita-oficial-a-qatar","status":"publish","type":"post","link":"https:\/\/archive.sana.sy\/es\/?p=345013","title":{"rendered":"Canciller sirio inicia visita oficial a Qatar"},"content":{"rendered":"<p style=\"text-align: justify;\"><span style=\"color: #800000;\">\u00a0Qatar, 5 dic (SANA)\u00a0<\/span> El ministro sirio de Asuntos Exteriores y Expatriados, Asaad Al-Shaibani, lleg\u00f3 a Doha, capital de Qatar, acompa\u00f1ado por el ministro de Defensa, Murhaf Abu Qasra, y el jefe de Inteligencia General, Anas Khattab, en la primera visita oficial.<\/p>\n<p style=\"text-align: justify;\">Durante la visita, se abordar\u00e1n las perspectivas de cooperaci\u00f3n y coordinaci\u00f3n entre los dos pa\u00edses.<\/p>\n<p style=\"text-align: justify;\">fm\/ed<\/p>\n<p><a href=\"http:\/\/sana.sy\/es\/wp-content\/uploads\/2025\/01\/1233-1.jpg\"><img loading=\"lazy\" decoding=\"async\" class=\"aligncenter size-full wp-image-345017\" src=\"http:\/\/sana.sy\/es\/wp-content\/uploads\/2025\/01\/1233-1.jpg\" alt=\"\" width=\"1280\" height=\"718\" srcset=\"https:\/\/archive.sana.sy\/es\/wp-content\/uploads\/2025\/01\/1233-1.jpg 1280w, https:\/\/archive.sana.sy\/es\/wp-content\/uploads\/2025\/01\/1233-1-300x168.jpg 300w, https:\/\/archive.sana.sy\/es\/wp-content\/uploads\/2025\/01\/1233-1-1024x574.jpg 1024w, https:\/\/archive.sana.sy\/es\/wp-content\/uploads\/2025\/01\/1233-1-150x84.jpg 150w, https:\/\/archive.sana.sy\/es\/wp-content\/uploads\/2025\/01\/1233-1-768x431.jpg 768w\" sizes=\"(max-width: 1280px) 100vw, 1280px\" \/><\/a> <a href=\"http:\/\/sana.sy\/es\/wp-content\/uploads\/2025\/01\/11-1.jpg\"><img loading=\"lazy\" decoding=\"async\" class=\"aligncenter size-full wp-image-345018\" src=\"http:\/\/sana.sy\/es\/wp-content\/uploads\/2025\/01\/11-1.jpg\" alt=\"\" width=\"1280\" height=\"718\" srcset=\"https:\/\/archive.sana.sy\/es\/wp-content\/uploads\/2025\/01\/11-1.jpg 1280w, https:\/\/archive.sana.sy\/es\/wp-content\/uploads\/2025\/01\/11-1-300x168.jpg 300w, https:\/\/archive.sana.sy\/es\/wp-content\/uploads\/2025\/01\/11-1-1024x574.jpg 1024w, https:\/\/archive.sana.sy\/es\/wp-content\/uploads\/2025\/01\/11-1-150x84.jpg 150w, https:\/\/archive.sana.sy\/es\/wp-content\/uploads\/2025\/01\/11-1-768x431.jpg 768w\" sizes=\"(max-width: 1280px) 100vw, 1280px\" \/><\/a><\/p>\n","protected":false},"excerpt":{"rendered":"<p>\u00a0Qatar, 5 dic (SANA)\u00a0 El ministro sirio de Asuntos Exteriores y Expatriados, Asaad Al-Shaibani, lleg\u00f3 a Doha, capital de Qatar, acompa\u00f1ado por el ministro de Defensa, Murhaf Abu Qasra, y el jefe de Inteligencia General, Anas Khattab, en la primera visita oficial. Durante la visita, se abordar\u00e1n las perspectivas de cooperaci\u00f3n y coordinaci\u00f3n entre los &hellip;<\/p>\n","protected":false},"author":32,"featured_media":345016,"comment_status":"closed","ping_status":"closed","sticky":false,"template":"","format":"standard","meta":{"footnotes":""},"categories":[597,20724,467],"tags":[],"class_list":["post-345013","post","type-post","status-publish","format-standard","has-post-thumbnail","","category-cinta-de-noticias","category-minuto-a-minuto","category-siria-y-el-mundo"],"_links":{"self":[{"href":"https:\/\/archive.sana.sy\/es\/index.php?rest_route=\/wp\/v2\/posts\/345013"}],"collection":[{"href":"https:\/\/archive.sana.sy\/es\/index.php?rest_route=\/wp\/v2\/posts"}],"about":[{"href":"https:\/\/archive.sana.sy\/es\/index.php?rest_route=\/wp\/v2\/types\/post"}],"author":[{"embeddable":true,"href":"https:\/\/archive.sana.sy\/es\/index.php?rest_route=\/wp\/v2\/users\/32"}],"replies":[{"embeddable":true,"href":"https:\/\/archive.sana.sy\/es\/index.php?rest_route=%2Fwp%2Fv2%2Fcomments&post=345013"}],"version-history":[{"count":1,"href":"https:\/\/archive.sana.sy\/es\/index.php?rest_route=\/wp\/v2\/posts\/345013\/revisions"}],"predecessor-version":[{"id":345019,"href":"https:\/\/archive.sana.sy\/es\/index.php?rest_route=\/wp\/v2\/posts\/345013\/revisions\/345019"}],"wp:featuredmedia":[{"embeddable":true,"href":"https:\/\/archive.sana.sy\/es\/index.php?rest_route=\/wp\/v2\/media\/345016"}],"wp:attachment":[{"href":"https:\/\/archive.sana.sy\/es\/index.php?rest_route=%2Fwp%2Fv2%2Fmedia&parent=345013"}],"wp:term":[{"taxonomy":"category","embeddable":true,"href":"https:\/\/archive.sana.sy\/es\/index.php?rest_route=%2Fwp%2Fv2%2Fcategories&post=345013"},{"taxonomy":"post_tag","embeddable":true,"href":"https:\/\/archive.sana.sy\/es\/index.php?rest_route=%2Fwp%2Fv2%2Ftags&post=345013"}],"curies":[{"name":"wp","href":"https:\/\/api.w.org\/{rel}","templated":true}]}}