{"id":345021,"date":"2025-01-06T10:12:04","date_gmt":"2025-01-06T07:12:04","guid":{"rendered":"https:\/\/sana.sy\/es\/?p=345021"},"modified":"2025-01-06T10:13:43","modified_gmt":"2025-01-06T07:13:43","slug":"cham-wings-airlines-reanuda-sus-vuelos-desde-y-hacia-el-aeropuerto-internacional-de-damasco","status":"publish","type":"post","link":"https:\/\/archive.sana.sy\/es\/?p=345021","title":{"rendered":"Cham Wings Airlines reanuda sus vuelos desde y hacia el Aeropuerto Internacional de Damasco"},"content":{"rendered":"<p><span style=\"color: #800000;\"><strong>Damasco, 6 ene (SANA)\u00a0\u00a0<\/strong><\/span> La Compa\u00f1\u00eda Cham Wings Airlines anunci\u00f3 la reanudaci\u00f3n de sus vuelos directos desde y hacia el Aeropuerto Internacional de Damasco a partir del 7 de enero.<\/p>\n<p>La compa\u00f1\u00eda explic\u00f3 en un comunicado, del que SANA recibi\u00f3 una copia, que se ha programado un vuelo diario de Damasco a Sharjah y viceversa, y que se ir\u00e1n a\u00f1adiendo gradualmente vuelos a otros destinos.<\/p>\n<p>Aclar\u00f3 que los viajeros pueden modificar libremente sus reservas en vuelos cancelados, ver horarios de vuelos y realizar reservas directas visitando el sitio web de la compa\u00f1\u00eda.<\/p>\n<p>Cham Wings Airlines expres\u00f3 su m\u00e1s sincero agradecimiento y aprecio por los esfuerzos realizados por la Autoridad de Aviaci\u00f3n Civil para reiniciar el funcionamiento de los aeropuertos.<\/p>\n<p><span style=\"color: #800000;\"><strong>fm\/ws<\/strong><\/span><\/p>\n","protected":false},"excerpt":{"rendered":"<p>Damasco, 6 ene (SANA)\u00a0\u00a0 La Compa\u00f1\u00eda Cham Wings Airlines anunci\u00f3 la reanudaci\u00f3n de sus vuelos directos desde y hacia el Aeropuerto Internacional de Damasco a partir del 7 de enero. La compa\u00f1\u00eda explic\u00f3 en un comunicado, del que SANA recibi\u00f3 una copia, que se ha programado un vuelo diario de Damasco a Sharjah y viceversa, &hellip;<\/p>\n","protected":false},"author":35,"featured_media":345023,"comment_status":"closed","ping_status":"closed","sticky":false,"template":"","format":"standard","meta":{"footnotes":""},"categories":[597,476,7541,1],"tags":[],"class_list":["post-345021","post","type-post","status-publish","format-standard","has-post-thumbnail","","category-cinta-de-noticias","category-locales","category-ultimas-noticias","category-news-not-sorted"],"_links":{"self":[{"href":"https:\/\/archive.sana.sy\/es\/index.php?rest_route=\/wp\/v2\/posts\/345021"}],"collection":[{"href":"https:\/\/archive.sana.sy\/es\/index.php?rest_route=\/wp\/v2\/posts"}],"about":[{"href":"https:\/\/archive.sana.sy\/es\/index.php?rest_route=\/wp\/v2\/types\/post"}],"author":[{"embeddable":true,"href":"https:\/\/archive.sana.sy\/es\/index.php?rest_route=\/wp\/v2\/users\/35"}],"replies":[{"embeddable":true,"href":"https:\/\/archive.sana.sy\/es\/index.php?rest_route=%2Fwp%2Fv2%2Fcomments&post=345021"}],"version-history":[{"count":1,"href":"https:\/\/archive.sana.sy\/es\/index.php?rest_route=\/wp\/v2\/posts\/345021\/revisions"}],"predecessor-version":[{"id":345022,"href":"https:\/\/archive.sana.sy\/es\/index.php?rest_route=\/wp\/v2\/posts\/345021\/revisions\/345022"}],"wp:featuredmedia":[{"embeddable":true,"href":"https:\/\/archive.sana.sy\/es\/index.php?rest_route=\/wp\/v2\/media\/345023"}],"wp:attachment":[{"href":"https:\/\/archive.sana.sy\/es\/index.php?rest_route=%2Fwp%2Fv2%2Fmedia&parent=345021"}],"wp:term":[{"taxonomy":"category","embeddable":true,"href":"https:\/\/archive.sana.sy\/es\/index.php?rest_route=%2Fwp%2Fv2%2Fcategories&post=345021"},{"taxonomy":"post_tag","embeddable":true,"href":"https:\/\/archive.sana.sy\/es\/index.php?rest_route=%2Fwp%2Fv2%2Ftags&post=345021"}],"curies":[{"name":"wp","href":"https:\/\/api.w.org\/{rel}","templated":true}]}}