{"id":345036,"date":"2025-01-06T10:31:41","date_gmt":"2025-01-06T07:31:41","guid":{"rendered":"https:\/\/sana.sy\/es\/?p=345036"},"modified":"2025-01-06T11:04:21","modified_gmt":"2025-01-06T08:04:21","slug":"ministro-sirio-de-defensa-se-reune-con-su-homologo-qatari-en-doha","status":"publish","type":"post","link":"https:\/\/archive.sana.sy\/es\/?p=345036","title":{"rendered":"Ministro sirio de Defensa se re\u00fane con su hom\u00f3logo qatar\u00ed en Doha"},"content":{"rendered":"<p><span style=\"color: #800000;\"><strong>Doha, 6 ene (SANA)<\/strong><\/span>\u00a0 \u00a0El ministro sirio de Defensa, Murhaf Abu Qasra, se reuni\u00f3 con el Ministro de Defensa qatar\u00ed, en Doha, la capital de Qatar.<\/p>\n<p>El encuentro cont\u00f3 con la presencia del Ministro de Asuntos Exteriores, Asaad Al-Shaibani, y del Jefe del Servicio General de Inteligencia, Anas Khattab.<\/p>\n<div id='gallery-1' class='gallery galleryid-345036 gallery-columns-1 gallery-size-full'><figure class='gallery-item'>\n\t\t\t<div class='gallery-icon landscape'>\n\t\t\t\t<a href='https:\/\/archive.sana.sy\/es\/wp-content\/uploads\/2025\/01\/photo_2025-01-05_20-48-53.jpg'><img loading=\"lazy\" decoding=\"async\" width=\"1280\" height=\"719\" src=\"https:\/\/archive.sana.sy\/es\/wp-content\/uploads\/2025\/01\/photo_2025-01-05_20-48-53.jpg\" class=\"attachment-full size-full\" alt=\"\" srcset=\"https:\/\/archive.sana.sy\/es\/wp-content\/uploads\/2025\/01\/photo_2025-01-05_20-48-53.jpg 1280w, https:\/\/archive.sana.sy\/es\/wp-content\/uploads\/2025\/01\/photo_2025-01-05_20-48-53-300x169.jpg 300w, https:\/\/archive.sana.sy\/es\/wp-content\/uploads\/2025\/01\/photo_2025-01-05_20-48-53-1024x575.jpg 1024w, https:\/\/archive.sana.sy\/es\/wp-content\/uploads\/2025\/01\/photo_2025-01-05_20-48-53-150x84.jpg 150w, https:\/\/archive.sana.sy\/es\/wp-content\/uploads\/2025\/01\/photo_2025-01-05_20-48-53-768x431.jpg 768w\" sizes=\"(max-width: 1280px) 100vw, 1280px\" \/><\/a>\n\t\t\t<\/div><\/figure><figure class='gallery-item'>\n\t\t\t<div class='gallery-icon landscape'>\n\t\t\t\t<a href='https:\/\/archive.sana.sy\/es\/wp-content\/uploads\/2025\/01\/photo_2025-01-05_20-48-58.jpg'><img loading=\"lazy\" decoding=\"async\" width=\"1280\" height=\"718\" src=\"https:\/\/archive.sana.sy\/es\/wp-content\/uploads\/2025\/01\/photo_2025-01-05_20-48-58.jpg\" class=\"attachment-full size-full\" alt=\"\" srcset=\"https:\/\/archive.sana.sy\/es\/wp-content\/uploads\/2025\/01\/photo_2025-01-05_20-48-58.jpg 1280w, https:\/\/archive.sana.sy\/es\/wp-content\/uploads\/2025\/01\/photo_2025-01-05_20-48-58-300x168.jpg 300w, https:\/\/archive.sana.sy\/es\/wp-content\/uploads\/2025\/01\/photo_2025-01-05_20-48-58-1024x574.jpg 1024w, https:\/\/archive.sana.sy\/es\/wp-content\/uploads\/2025\/01\/photo_2025-01-05_20-48-58-150x84.jpg 150w, https:\/\/archive.sana.sy\/es\/wp-content\/uploads\/2025\/01\/photo_2025-01-05_20-48-58-768x431.jpg 768w\" sizes=\"(max-width: 1280px) 100vw, 1280px\" \/><\/a>\n\t\t\t<\/div><\/figure><figure class='gallery-item'>\n\t\t\t<div class='gallery-icon landscape'>\n\t\t\t\t<a href='https:\/\/archive.sana.sy\/es\/wp-content\/uploads\/2025\/01\/photo_2025-01-05_20-48-45.jpg'><img loading=\"lazy\" decoding=\"async\" width=\"1280\" height=\"719\" src=\"https:\/\/archive.sana.sy\/es\/wp-content\/uploads\/2025\/01\/photo_2025-01-05_20-48-45.jpg\" class=\"attachment-full size-full\" alt=\"\" srcset=\"https:\/\/archive.sana.sy\/es\/wp-content\/uploads\/2025\/01\/photo_2025-01-05_20-48-45.jpg 1280w, https:\/\/archive.sana.sy\/es\/wp-content\/uploads\/2025\/01\/photo_2025-01-05_20-48-45-300x169.jpg 300w, https:\/\/archive.sana.sy\/es\/wp-content\/uploads\/2025\/01\/photo_2025-01-05_20-48-45-1024x575.jpg 1024w, https:\/\/archive.sana.sy\/es\/wp-content\/uploads\/2025\/01\/photo_2025-01-05_20-48-45-150x84.jpg 150w, https:\/\/archive.sana.sy\/es\/wp-content\/uploads\/2025\/01\/photo_2025-01-05_20-48-45-768x431.jpg 768w\" sizes=\"(max-width: 1280px) 100vw, 1280px\" \/><\/a>\n\t\t\t<\/div><\/figure>\n\t\t<\/div>\n\n<p><span style=\"color: #800000;\"><strong>fm\/ws<\/strong><\/span><\/p>\n<p>&nbsp;<\/p>\n","protected":false},"excerpt":{"rendered":"<p>Doha, 6 ene (SANA)\u00a0 \u00a0El ministro sirio de Defensa, Murhaf Abu Qasra, se reuni\u00f3 con el Ministro de Defensa qatar\u00ed, en Doha, la capital de Qatar. El encuentro cont\u00f3 con la presencia del Ministro de Asuntos Exteriores, Asaad Al-Shaibani, y del Jefe del Servicio General de Inteligencia, Anas Khattab. fm\/ws &nbsp;<\/p>\n","protected":false},"author":35,"featured_media":0,"comment_status":"closed","ping_status":"closed","sticky":false,"template":"","format":"standard","meta":{"footnotes":""},"categories":[1],"tags":[],"class_list":["post-345036","post","type-post","status-publish","format-standard","","category-news-not-sorted"],"_links":{"self":[{"href":"https:\/\/archive.sana.sy\/es\/index.php?rest_route=\/wp\/v2\/posts\/345036"}],"collection":[{"href":"https:\/\/archive.sana.sy\/es\/index.php?rest_route=\/wp\/v2\/posts"}],"about":[{"href":"https:\/\/archive.sana.sy\/es\/index.php?rest_route=\/wp\/v2\/types\/post"}],"author":[{"embeddable":true,"href":"https:\/\/archive.sana.sy\/es\/index.php?rest_route=\/wp\/v2\/users\/35"}],"replies":[{"embeddable":true,"href":"https:\/\/archive.sana.sy\/es\/index.php?rest_route=%2Fwp%2Fv2%2Fcomments&post=345036"}],"version-history":[{"count":4,"href":"https:\/\/archive.sana.sy\/es\/index.php?rest_route=\/wp\/v2\/posts\/345036\/revisions"}],"predecessor-version":[{"id":345045,"href":"https:\/\/archive.sana.sy\/es\/index.php?rest_route=\/wp\/v2\/posts\/345036\/revisions\/345045"}],"wp:attachment":[{"href":"https:\/\/archive.sana.sy\/es\/index.php?rest_route=%2Fwp%2Fv2%2Fmedia&parent=345036"}],"wp:term":[{"taxonomy":"category","embeddable":true,"href":"https:\/\/archive.sana.sy\/es\/index.php?rest_route=%2Fwp%2Fv2%2Fcategories&post=345036"},{"taxonomy":"post_tag","embeddable":true,"href":"https:\/\/archive.sana.sy\/es\/index.php?rest_route=%2Fwp%2Fv2%2Ftags&post=345036"}],"curies":[{"name":"wp","href":"https:\/\/api.w.org\/{rel}","templated":true}]}}