{"id":345066,"date":"2025-01-07T10:16:06","date_gmt":"2025-01-07T07:16:06","guid":{"rendered":"https:\/\/sana.sy\/es\/?p=345066"},"modified":"2025-01-07T10:16:06","modified_gmt":"2025-01-07T07:16:06","slug":"un-tercer-avion-de-ayuda-qatari-llega-a-siria","status":"publish","type":"post","link":"https:\/\/archive.sana.sy\/es\/?p=345066","title":{"rendered":"Un tercer avi\u00f3n de ayuda qatar\u00ed llega a Siria"},"content":{"rendered":"<p style=\"text-align: justify;\"><span style=\"color: #800000;\">\u00a0Damasco, 7 ene (SANA)<\/span> Una aeronave cargada con asistencia humanitaria ofrecida por Qatar, lleg\u00f3 al Aeropuerto Internacional de Damasco, y forma parte de un puente a\u00e9reo anunciado por Doha para ayudar a los sirios.<\/p>\n<p style=\"text-align: justify;\">El director de la oficina de la Media Luna Roja de Qatar, Mazen Abdullah, explic\u00f3 en una declaraci\u00f3n a los periodistas que el avi\u00f3n transporta 23 toneladas de alimentos, mantas y chaquetas de invierno, que ser\u00e1n distribuidas en las gobernaciones sirias de Damasco, Alepo, Idlib, Hama, Homs, Deraa, Sweida y Quneitra.<\/p>\n<p style=\"text-align: justify;\">Este apoyo est\u00e1 siendo gestionado por el Fondo de Desarrollo de Qatar y la Media Luna Roja Qatar\u00ed, mediante dos aviones semanalmente, y su objetivo es brindar socorro a las familias afectadas por el deterioro de las condiciones humanitarias en Siria.<\/p>\n<p style=\"text-align: justify;\">fm\/ed<\/p>\n<div id='gallery-1' class='gallery galleryid-345066 gallery-columns-1 gallery-size-full'><figure class='gallery-item'>\n\t\t\t<div class='gallery-icon landscape'>\n\t\t\t\t<a href='https:\/\/archive.sana.sy\/es\/wp-content\/uploads\/2025\/01\/av-1.jpg'><img loading=\"lazy\" decoding=\"async\" width=\"660\" height=\"330\" src=\"https:\/\/archive.sana.sy\/es\/wp-content\/uploads\/2025\/01\/av-1.jpg\" class=\"attachment-full size-full\" alt=\"\" srcset=\"https:\/\/archive.sana.sy\/es\/wp-content\/uploads\/2025\/01\/av-1.jpg 660w, https:\/\/archive.sana.sy\/es\/wp-content\/uploads\/2025\/01\/av-1-300x150.jpg 300w, https:\/\/archive.sana.sy\/es\/wp-content\/uploads\/2025\/01\/av-1-150x75.jpg 150w\" sizes=\"(max-width: 660px) 100vw, 660px\" \/><\/a>\n\t\t\t<\/div><\/figure><figure class='gallery-item'>\n\t\t\t<div class='gallery-icon landscape'>\n\t\t\t\t<a href='https:\/\/archive.sana.sy\/es\/wp-content\/uploads\/2025\/01\/252.jpg'><img loading=\"lazy\" decoding=\"async\" width=\"1280\" height=\"853\" src=\"https:\/\/archive.sana.sy\/es\/wp-content\/uploads\/2025\/01\/252.jpg\" class=\"attachment-full size-full\" alt=\"\" srcset=\"https:\/\/archive.sana.sy\/es\/wp-content\/uploads\/2025\/01\/252.jpg 1280w, https:\/\/archive.sana.sy\/es\/wp-content\/uploads\/2025\/01\/252-300x200.jpg 300w, https:\/\/archive.sana.sy\/es\/wp-content\/uploads\/2025\/01\/252-1024x682.jpg 1024w, https:\/\/archive.sana.sy\/es\/wp-content\/uploads\/2025\/01\/252-150x100.jpg 150w, https:\/\/archive.sana.sy\/es\/wp-content\/uploads\/2025\/01\/252-768x512.jpg 768w\" sizes=\"(max-width: 1280px) 100vw, 1280px\" \/><\/a>\n\t\t\t<\/div><\/figure><figure class='gallery-item'>\n\t\t\t<div class='gallery-icon landscape'>\n\t\t\t\t<a href='https:\/\/archive.sana.sy\/es\/wp-content\/uploads\/2025\/01\/photo_2025-01-06_21-02-45.jpg'><img loading=\"lazy\" decoding=\"async\" width=\"1280\" height=\"853\" src=\"https:\/\/archive.sana.sy\/es\/wp-content\/uploads\/2025\/01\/photo_2025-01-06_21-02-45.jpg\" class=\"attachment-full size-full\" alt=\"\" srcset=\"https:\/\/archive.sana.sy\/es\/wp-content\/uploads\/2025\/01\/photo_2025-01-06_21-02-45.jpg 1280w, https:\/\/archive.sana.sy\/es\/wp-content\/uploads\/2025\/01\/photo_2025-01-06_21-02-45-300x200.jpg 300w, https:\/\/archive.sana.sy\/es\/wp-content\/uploads\/2025\/01\/photo_2025-01-06_21-02-45-1024x682.jpg 1024w, https:\/\/archive.sana.sy\/es\/wp-content\/uploads\/2025\/01\/photo_2025-01-06_21-02-45-150x100.jpg 150w, https:\/\/archive.sana.sy\/es\/wp-content\/uploads\/2025\/01\/photo_2025-01-06_21-02-45-768x512.jpg 768w\" sizes=\"(max-width: 1280px) 100vw, 1280px\" \/><\/a>\n\t\t\t<\/div><\/figure>\n\t\t<\/div>\n\n","protected":false},"excerpt":{"rendered":"<p>\u00a0Damasco, 7 ene (SANA) Una aeronave cargada con asistencia humanitaria ofrecida por Qatar, lleg\u00f3 al Aeropuerto Internacional de Damasco, y forma parte de un puente a\u00e9reo anunciado por Doha para ayudar a los sirios. El director de la oficina de la Media Luna Roja de Qatar, Mazen Abdullah, explic\u00f3 en una declaraci\u00f3n a los periodistas &hellip;<\/p>\n","protected":false},"author":32,"featured_media":345067,"comment_status":"closed","ping_status":"closed","sticky":false,"template":"","format":"standard","meta":{"footnotes":""},"categories":[597,20724,467,7541],"tags":[],"class_list":["post-345066","post","type-post","status-publish","format-standard","has-post-thumbnail","","category-cinta-de-noticias","category-minuto-a-minuto","category-siria-y-el-mundo","category-ultimas-noticias"],"_links":{"self":[{"href":"https:\/\/archive.sana.sy\/es\/index.php?rest_route=\/wp\/v2\/posts\/345066"}],"collection":[{"href":"https:\/\/archive.sana.sy\/es\/index.php?rest_route=\/wp\/v2\/posts"}],"about":[{"href":"https:\/\/archive.sana.sy\/es\/index.php?rest_route=\/wp\/v2\/types\/post"}],"author":[{"embeddable":true,"href":"https:\/\/archive.sana.sy\/es\/index.php?rest_route=\/wp\/v2\/users\/32"}],"replies":[{"embeddable":true,"href":"https:\/\/archive.sana.sy\/es\/index.php?rest_route=%2Fwp%2Fv2%2Fcomments&post=345066"}],"version-history":[{"count":1,"href":"https:\/\/archive.sana.sy\/es\/index.php?rest_route=\/wp\/v2\/posts\/345066\/revisions"}],"predecessor-version":[{"id":345071,"href":"https:\/\/archive.sana.sy\/es\/index.php?rest_route=\/wp\/v2\/posts\/345066\/revisions\/345071"}],"wp:featuredmedia":[{"embeddable":true,"href":"https:\/\/archive.sana.sy\/es\/index.php?rest_route=\/wp\/v2\/media\/345067"}],"wp:attachment":[{"href":"https:\/\/archive.sana.sy\/es\/index.php?rest_route=%2Fwp%2Fv2%2Fmedia&parent=345066"}],"wp:term":[{"taxonomy":"category","embeddable":true,"href":"https:\/\/archive.sana.sy\/es\/index.php?rest_route=%2Fwp%2Fv2%2Fcategories&post=345066"},{"taxonomy":"post_tag","embeddable":true,"href":"https:\/\/archive.sana.sy\/es\/index.php?rest_route=%2Fwp%2Fv2%2Ftags&post=345066"}],"curies":[{"name":"wp","href":"https:\/\/api.w.org\/{rel}","templated":true}]}}