{"id":34509,"date":"2015-12-01T22:15:01","date_gmt":"2015-12-01T20:15:01","guid":{"rendered":"http:\/\/sana.sy\/es\/?p=34509"},"modified":"2015-12-01T22:15:01","modified_gmt":"2015-12-01T20:15:01","slug":"una-bomba-explota-en-estambul-turquia","status":"publish","type":"post","link":"https:\/\/archive.sana.sy\/es\/?p=34509","title":{"rendered":"Una bomba explota en Estambul, Turqu\u00eda"},"content":{"rendered":"<p style=\"text-align: justify\"><span style=\"color: #800000\">Estambul, SANA<\/span>&#8211; Una fuerte explosi\u00f3n ocurrida hoy cerca de una estaci\u00f3n de subte de Estambul fue causada por una bomba e hiri\u00f3 a cinco personas, inform\u00f3 el alcalde del distrito de la ciudad donde ocurri\u00f3 el estallido.<\/p>\n<p style=\"text-align: justify\">Atilla Aydiner, alcalde de Bayrampasa, dijo a medios locales que la bomba explot\u00f3 sobre la subida a una autopista cercana a la estaci\u00f3n de subte de ese distrito, inform\u00f3 Rustres.<\/p>\n<p style=\"text-align: justify\">El gobierno de la ciudad afirm\u00f3 que a\u00fan se desconoce la causa de la explosi\u00f3n. Los hechos se est\u00e1n investigando y se est\u00e1n evaluando todas las posibilidades.<\/p>\n<p>M.Miri<\/p>\n","protected":false},"excerpt":{"rendered":"<p>Estambul, SANA&#8211; Una fuerte explosi\u00f3n ocurrida hoy cerca de una estaci\u00f3n de subte de Estambul fue causada por una bomba e hiri\u00f3 a cinco personas, inform\u00f3 el alcalde del distrito de la ciudad donde ocurri\u00f3 el estallido. Atilla Aydiner, alcalde de Bayrampasa, dijo a medios locales que la bomba explot\u00f3 sobre la subida a una &hellip;<\/p>\n","protected":false},"author":1,"featured_media":34511,"comment_status":"closed","ping_status":"closed","sticky":false,"template":"","format":"standard","meta":{"footnotes":""},"categories":[456,457,576],"tags":[7512,7511],"class_list":["post-34509","post","type-post","status-publish","format-standard","has-post-thumbnail","","category-arabe-internacional-politica","category-noticias-arabe-internacional-politica","category-noticias-politicas","tag-turquia","tag-una-bomba-explota-en-estambul"],"_links":{"self":[{"href":"https:\/\/archive.sana.sy\/es\/index.php?rest_route=\/wp\/v2\/posts\/34509"}],"collection":[{"href":"https:\/\/archive.sana.sy\/es\/index.php?rest_route=\/wp\/v2\/posts"}],"about":[{"href":"https:\/\/archive.sana.sy\/es\/index.php?rest_route=\/wp\/v2\/types\/post"}],"author":[{"embeddable":true,"href":"https:\/\/archive.sana.sy\/es\/index.php?rest_route=\/wp\/v2\/users\/1"}],"replies":[{"embeddable":true,"href":"https:\/\/archive.sana.sy\/es\/index.php?rest_route=%2Fwp%2Fv2%2Fcomments&post=34509"}],"version-history":[{"count":0,"href":"https:\/\/archive.sana.sy\/es\/index.php?rest_route=\/wp\/v2\/posts\/34509\/revisions"}],"wp:featuredmedia":[{"embeddable":true,"href":"https:\/\/archive.sana.sy\/es\/index.php?rest_route=\/wp\/v2\/media\/34511"}],"wp:attachment":[{"href":"https:\/\/archive.sana.sy\/es\/index.php?rest_route=%2Fwp%2Fv2%2Fmedia&parent=34509"}],"wp:term":[{"taxonomy":"category","embeddable":true,"href":"https:\/\/archive.sana.sy\/es\/index.php?rest_route=%2Fwp%2Fv2%2Fcategories&post=34509"},{"taxonomy":"post_tag","embeddable":true,"href":"https:\/\/archive.sana.sy\/es\/index.php?rest_route=%2Fwp%2Fv2%2Ftags&post=34509"}],"curies":[{"name":"wp","href":"https:\/\/api.w.org\/{rel}","templated":true}]}}