{"id":345110,"date":"2025-01-08T09:44:52","date_gmt":"2025-01-08T06:44:52","guid":{"rendered":"https:\/\/sana.sy\/es\/?p=345110"},"modified":"2025-01-08T09:45:00","modified_gmt":"2025-01-08T06:45:00","slug":"el-ministero-de-salud-en-funciones-examina-con-el-embajador-de-qatar-la-situacion-sanitaria-en-siria","status":"publish","type":"post","link":"https:\/\/archive.sana.sy\/es\/?p=345110","title":{"rendered":"El Ministero de Salud en funciones examina con el embajador de Qatar la situaci\u00f3n sanitaria en Siria"},"content":{"rendered":"<p><span style=\"color: #800000;\"><strong>Damasco, 8 ene (SANA)<\/strong><\/span> El ministro de Salud en funciones, Maher Al-Sharaa, repas\u00f3 con el embajador de Qatar en Damasco, Khalifa Abdullah Al Mahmoud Al-Sharif y una delegaci\u00f3n de la Media Luna Roja de Qatar, la situaci\u00f3n sanitaria en Siria.<\/p>\n<p>Durante una reuni\u00f3n celebrada en la sede del Ministerio, Al-Sharaa explic\u00f3 las necesidades m\u00e1s importantes para apoyar al sector de la salud en Siria.<\/p>\n<div id='gallery-1' class='gallery galleryid-345110 gallery-columns-1 gallery-size-full'><figure class='gallery-item'>\n\t\t\t<div class='gallery-icon landscape'>\n\t\t\t\t<a href='https:\/\/archive.sana.sy\/es\/wp-content\/uploads\/2025\/01\/photo_2025-01-08_08-20-00-3.jpg'><img loading=\"lazy\" decoding=\"async\" width=\"1280\" height=\"853\" src=\"https:\/\/archive.sana.sy\/es\/wp-content\/uploads\/2025\/01\/photo_2025-01-08_08-20-00-3.jpg\" class=\"attachment-full size-full\" alt=\"\" srcset=\"https:\/\/archive.sana.sy\/es\/wp-content\/uploads\/2025\/01\/photo_2025-01-08_08-20-00-3.jpg 1280w, https:\/\/archive.sana.sy\/es\/wp-content\/uploads\/2025\/01\/photo_2025-01-08_08-20-00-3-300x200.jpg 300w, https:\/\/archive.sana.sy\/es\/wp-content\/uploads\/2025\/01\/photo_2025-01-08_08-20-00-3-1024x682.jpg 1024w, https:\/\/archive.sana.sy\/es\/wp-content\/uploads\/2025\/01\/photo_2025-01-08_08-20-00-3-150x100.jpg 150w, https:\/\/archive.sana.sy\/es\/wp-content\/uploads\/2025\/01\/photo_2025-01-08_08-20-00-3-768x512.jpg 768w\" sizes=\"(max-width: 1280px) 100vw, 1280px\" \/><\/a>\n\t\t\t<\/div><\/figure><figure class='gallery-item'>\n\t\t\t<div class='gallery-icon landscape'>\n\t\t\t\t<a href='https:\/\/archive.sana.sy\/es\/wp-content\/uploads\/2025\/01\/photo_2025-01-08_08-20-00-2.jpg'><img loading=\"lazy\" decoding=\"async\" width=\"1280\" height=\"853\" src=\"https:\/\/archive.sana.sy\/es\/wp-content\/uploads\/2025\/01\/photo_2025-01-08_08-20-00-2.jpg\" class=\"attachment-full size-full\" alt=\"\" srcset=\"https:\/\/archive.sana.sy\/es\/wp-content\/uploads\/2025\/01\/photo_2025-01-08_08-20-00-2.jpg 1280w, https:\/\/archive.sana.sy\/es\/wp-content\/uploads\/2025\/01\/photo_2025-01-08_08-20-00-2-300x200.jpg 300w, https:\/\/archive.sana.sy\/es\/wp-content\/uploads\/2025\/01\/photo_2025-01-08_08-20-00-2-1024x682.jpg 1024w, https:\/\/archive.sana.sy\/es\/wp-content\/uploads\/2025\/01\/photo_2025-01-08_08-20-00-2-150x100.jpg 150w, https:\/\/archive.sana.sy\/es\/wp-content\/uploads\/2025\/01\/photo_2025-01-08_08-20-00-2-768x512.jpg 768w\" sizes=\"(max-width: 1280px) 100vw, 1280px\" \/><\/a>\n\t\t\t<\/div><\/figure><figure class='gallery-item'>\n\t\t\t<div class='gallery-icon landscape'>\n\t\t\t\t<a href='https:\/\/archive.sana.sy\/es\/wp-content\/uploads\/2025\/01\/photo_2025-01-08_08-20-00.jpg'><img loading=\"lazy\" decoding=\"async\" width=\"1280\" height=\"853\" src=\"https:\/\/archive.sana.sy\/es\/wp-content\/uploads\/2025\/01\/photo_2025-01-08_08-20-00.jpg\" class=\"attachment-full size-full\" alt=\"\" srcset=\"https:\/\/archive.sana.sy\/es\/wp-content\/uploads\/2025\/01\/photo_2025-01-08_08-20-00.jpg 1280w, https:\/\/archive.sana.sy\/es\/wp-content\/uploads\/2025\/01\/photo_2025-01-08_08-20-00-300x200.jpg 300w, https:\/\/archive.sana.sy\/es\/wp-content\/uploads\/2025\/01\/photo_2025-01-08_08-20-00-1024x682.jpg 1024w, https:\/\/archive.sana.sy\/es\/wp-content\/uploads\/2025\/01\/photo_2025-01-08_08-20-00-150x100.jpg 150w, https:\/\/archive.sana.sy\/es\/wp-content\/uploads\/2025\/01\/photo_2025-01-08_08-20-00-768x512.jpg 768w\" sizes=\"(max-width: 1280px) 100vw, 1280px\" \/><\/a>\n\t\t\t<\/div><\/figure><figure class='gallery-item'>\n\t\t\t<div class='gallery-icon landscape'>\n\t\t\t\t<a href='https:\/\/archive.sana.sy\/es\/wp-content\/uploads\/2025\/01\/xxxx-660x330-1.jpg'><img loading=\"lazy\" decoding=\"async\" width=\"660\" height=\"330\" src=\"https:\/\/archive.sana.sy\/es\/wp-content\/uploads\/2025\/01\/xxxx-660x330-1.jpg\" class=\"attachment-full size-full\" alt=\"\" srcset=\"https:\/\/archive.sana.sy\/es\/wp-content\/uploads\/2025\/01\/xxxx-660x330-1.jpg 660w, https:\/\/archive.sana.sy\/es\/wp-content\/uploads\/2025\/01\/xxxx-660x330-1-300x150.jpg 300w, https:\/\/archive.sana.sy\/es\/wp-content\/uploads\/2025\/01\/xxxx-660x330-1-150x75.jpg 150w\" sizes=\"(max-width: 660px) 100vw, 660px\" \/><\/a>\n\t\t\t<\/div><\/figure>\n\t\t<\/div>\n\n","protected":false},"excerpt":{"rendered":"<p>Damasco, 8 ene (SANA) El ministro de Salud en funciones, Maher Al-Sharaa, repas\u00f3 con el embajador de Qatar en Damasco, Khalifa Abdullah Al Mahmoud Al-Sharif y una delegaci\u00f3n de la Media Luna Roja de Qatar, la situaci\u00f3n sanitaria en Siria. Durante una reuni\u00f3n celebrada en la sede del Ministerio, Al-Sharaa explic\u00f3 las necesidades m\u00e1s importantes &hellip;<\/p>\n","protected":false},"author":42,"featured_media":345111,"comment_status":"closed","ping_status":"closed","sticky":false,"template":"","format":"standard","meta":{"footnotes":""},"categories":[597,20724,476,7541],"tags":[],"class_list":["post-345110","post","type-post","status-publish","format-standard","has-post-thumbnail","","category-cinta-de-noticias","category-minuto-a-minuto","category-locales","category-ultimas-noticias"],"_links":{"self":[{"href":"https:\/\/archive.sana.sy\/es\/index.php?rest_route=\/wp\/v2\/posts\/345110"}],"collection":[{"href":"https:\/\/archive.sana.sy\/es\/index.php?rest_route=\/wp\/v2\/posts"}],"about":[{"href":"https:\/\/archive.sana.sy\/es\/index.php?rest_route=\/wp\/v2\/types\/post"}],"author":[{"embeddable":true,"href":"https:\/\/archive.sana.sy\/es\/index.php?rest_route=\/wp\/v2\/users\/42"}],"replies":[{"embeddable":true,"href":"https:\/\/archive.sana.sy\/es\/index.php?rest_route=%2Fwp%2Fv2%2Fcomments&post=345110"}],"version-history":[{"count":1,"href":"https:\/\/archive.sana.sy\/es\/index.php?rest_route=\/wp\/v2\/posts\/345110\/revisions"}],"predecessor-version":[{"id":345116,"href":"https:\/\/archive.sana.sy\/es\/index.php?rest_route=\/wp\/v2\/posts\/345110\/revisions\/345116"}],"wp:featuredmedia":[{"embeddable":true,"href":"https:\/\/archive.sana.sy\/es\/index.php?rest_route=\/wp\/v2\/media\/345111"}],"wp:attachment":[{"href":"https:\/\/archive.sana.sy\/es\/index.php?rest_route=%2Fwp%2Fv2%2Fmedia&parent=345110"}],"wp:term":[{"taxonomy":"category","embeddable":true,"href":"https:\/\/archive.sana.sy\/es\/index.php?rest_route=%2Fwp%2Fv2%2Fcategories&post=345110"},{"taxonomy":"post_tag","embeddable":true,"href":"https:\/\/archive.sana.sy\/es\/index.php?rest_route=%2Fwp%2Fv2%2Ftags&post=345110"}],"curies":[{"name":"wp","href":"https:\/\/api.w.org\/{rel}","templated":true}]}}