{"id":345123,"date":"2025-01-08T09:20:30","date_gmt":"2025-01-08T06:20:30","guid":{"rendered":"https:\/\/sana.sy\/es\/?p=345123"},"modified":"2025-01-08T10:03:06","modified_gmt":"2025-01-08T07:03:06","slug":"jordania-envia-un-convoy-con-300-toneladas-de-ayuda-al-pueblo-sirio","status":"publish","type":"post","link":"https:\/\/archive.sana.sy\/es\/?p=345123","title":{"rendered":"Jordania env\u00eda un convoy con 300 toneladas de ayuda al pueblo sirio"},"content":{"rendered":"<p><span style=\"color: #800000;\"><strong>Damasco, 8 ene (SANA)<\/strong><\/span> La Embajada de Jordania en Damasco anunci\u00f3 la llegada de un convoy de ayuda ofrecido por la Organizaci\u00f3n Ben\u00e9fica Hachemita de Jordania al pueblo sirio.<\/p>\n<p>La asistencia se gestiona tras directivas reales de apoyar a los hermanos sirios y aliviar su sufrimiento.<\/p>\n<p>La embajada inform\u00f3 a SANA que el convoy est\u00e1 cargado con unas 300 toneladas de ayuda, alimentos y suministros sanitarios, y forma parte de una serie de convoyes que Jordania enviar\u00e1 a varias regiones sirias.<\/p>\n<p>El convoy fue recibido por el encargado de negocios de la Embajada de Jordania en Damasco, Basil Al-Kayed, y entregado a la Media Luna Roja \u00c1rabe Siria en el puesto fronterizo de Jaber.<\/p>\n","protected":false},"excerpt":{"rendered":"<p>Damasco, 8 ene (SANA) La Embajada de Jordania en Damasco anunci\u00f3 la llegada de un convoy de ayuda ofrecido por la Organizaci\u00f3n Ben\u00e9fica Hachemita de Jordania al pueblo sirio. La asistencia se gestiona tras directivas reales de apoyar a los hermanos sirios y aliviar su sufrimiento. La embajada inform\u00f3 a SANA que el convoy est\u00e1 &hellip;<\/p>\n","protected":false},"author":42,"featured_media":345124,"comment_status":"closed","ping_status":"closed","sticky":false,"template":"","format":"standard","meta":{"footnotes":""},"categories":[597,20724,467,7541],"tags":[],"class_list":["post-345123","post","type-post","status-publish","format-standard","has-post-thumbnail","","category-cinta-de-noticias","category-minuto-a-minuto","category-siria-y-el-mundo","category-ultimas-noticias"],"_links":{"self":[{"href":"https:\/\/archive.sana.sy\/es\/index.php?rest_route=\/wp\/v2\/posts\/345123"}],"collection":[{"href":"https:\/\/archive.sana.sy\/es\/index.php?rest_route=\/wp\/v2\/posts"}],"about":[{"href":"https:\/\/archive.sana.sy\/es\/index.php?rest_route=\/wp\/v2\/types\/post"}],"author":[{"embeddable":true,"href":"https:\/\/archive.sana.sy\/es\/index.php?rest_route=\/wp\/v2\/users\/42"}],"replies":[{"embeddable":true,"href":"https:\/\/archive.sana.sy\/es\/index.php?rest_route=%2Fwp%2Fv2%2Fcomments&post=345123"}],"version-history":[{"count":1,"href":"https:\/\/archive.sana.sy\/es\/index.php?rest_route=\/wp\/v2\/posts\/345123\/revisions"}],"predecessor-version":[{"id":345125,"href":"https:\/\/archive.sana.sy\/es\/index.php?rest_route=\/wp\/v2\/posts\/345123\/revisions\/345125"}],"wp:featuredmedia":[{"embeddable":true,"href":"https:\/\/archive.sana.sy\/es\/index.php?rest_route=\/wp\/v2\/media\/345124"}],"wp:attachment":[{"href":"https:\/\/archive.sana.sy\/es\/index.php?rest_route=%2Fwp%2Fv2%2Fmedia&parent=345123"}],"wp:term":[{"taxonomy":"category","embeddable":true,"href":"https:\/\/archive.sana.sy\/es\/index.php?rest_route=%2Fwp%2Fv2%2Fcategories&post=345123"},{"taxonomy":"post_tag","embeddable":true,"href":"https:\/\/archive.sana.sy\/es\/index.php?rest_route=%2Fwp%2Fv2%2Ftags&post=345123"}],"curies":[{"name":"wp","href":"https:\/\/api.w.org\/{rel}","templated":true}]}}