{"id":345154,"date":"2025-01-09T10:40:39","date_gmt":"2025-01-09T07:40:39","guid":{"rendered":"https:\/\/sana.sy\/es\/?p=345154"},"modified":"2025-01-09T10:41:57","modified_gmt":"2025-01-09T07:41:57","slug":"canciller-sirio-aspiramos-a-establecer-alianzas-politicas-y-economicas-con-bahrein-que-beneficien-a-ambos-paises","status":"publish","type":"post","link":"https:\/\/archive.sana.sy\/es\/?p=345154","title":{"rendered":"Canciller sirio: Aspiramos a establecer alianzas pol\u00edticas y econ\u00f3micas con Bahr\u00e9in que beneficien a ambos pa\u00edses"},"content":{"rendered":"<p style=\"text-align: justify;\"><span style=\"color: #800000;\"><strong>Damasco, 9 ene (SANA)\u00a0<\/strong><\/span> El ministro sirio de Asuntos Exteriores, Asaad Al-Shaibani, dijo durante una conferencia de prensa, que la visita de su hom\u00f3logo bahrein\u00ed Abdullatif bin Rashid Al-Zayani, fue una expresi\u00f3n declarada de su apoyo a la voluntad del pueblo sirio de determinar su destino, la unidad de sus territorios y la estabilidad de Siria y la regi\u00f3n.<\/p>\n<p style=\"text-align: justify;\">\u201cHoy, ha transcurrido un mes completo desde el inicio de nuestro trabajo, y durante este corto per\u00edodo pudimos recuperar el papel \u00e1rabe de Siria perdido hace mucho tiempo, y anunciamos nuestra disposici\u00f3n a representar a Siria en todas las conferencias \u00e1rabes, comenzando con la Liga \u00c1rabe\u201d, agreg\u00f3 Al-Shaibani.<\/p>\n<p style=\"text-align: justify;\">De acuerdo con el jefe de la diplomacia siria, Damasco aspira a establecer asociaciones pol\u00edticas y econ\u00f3micas con el Reino de Bahr\u00e9in que beneficiar\u00e1n a ambos pa\u00edses.<\/p>\n<p style=\"text-align: justify;\">Por otro lado, se\u00f1al\u00f3 que las excepciones y licencias emitidas recientemente por la administraci\u00f3n estadounidense allanan el camino para apoyar importantes sectores de servicios que afectan la vida de los sirios, y allanar el camino para los pa\u00edses que deseen invertir.<\/p>\n","protected":false},"excerpt":{"rendered":"<p>Damasco, 9 ene (SANA)\u00a0 El ministro sirio de Asuntos Exteriores, Asaad Al-Shaibani, dijo durante una conferencia de prensa, que la visita de su hom\u00f3logo bahrein\u00ed Abdullatif bin Rashid Al-Zayani, fue una expresi\u00f3n declarada de su apoyo a la voluntad del pueblo sirio de determinar su destino, la unidad de sus territorios y la estabilidad de &hellip;<\/p>\n","protected":false},"author":35,"featured_media":345155,"comment_status":"closed","ping_status":"closed","sticky":false,"template":"","format":"standard","meta":{"footnotes":""},"categories":[597,20724,476,583],"tags":[],"class_list":["post-345154","post","type-post","status-publish","format-standard","has-post-thumbnail","","category-cinta-de-noticias","category-minuto-a-minuto","category-locales","category-slide"],"_links":{"self":[{"href":"https:\/\/archive.sana.sy\/es\/index.php?rest_route=\/wp\/v2\/posts\/345154"}],"collection":[{"href":"https:\/\/archive.sana.sy\/es\/index.php?rest_route=\/wp\/v2\/posts"}],"about":[{"href":"https:\/\/archive.sana.sy\/es\/index.php?rest_route=\/wp\/v2\/types\/post"}],"author":[{"embeddable":true,"href":"https:\/\/archive.sana.sy\/es\/index.php?rest_route=\/wp\/v2\/users\/35"}],"replies":[{"embeddable":true,"href":"https:\/\/archive.sana.sy\/es\/index.php?rest_route=%2Fwp%2Fv2%2Fcomments&post=345154"}],"version-history":[{"count":2,"href":"https:\/\/archive.sana.sy\/es\/index.php?rest_route=\/wp\/v2\/posts\/345154\/revisions"}],"predecessor-version":[{"id":345157,"href":"https:\/\/archive.sana.sy\/es\/index.php?rest_route=\/wp\/v2\/posts\/345154\/revisions\/345157"}],"wp:featuredmedia":[{"embeddable":true,"href":"https:\/\/archive.sana.sy\/es\/index.php?rest_route=\/wp\/v2\/media\/345155"}],"wp:attachment":[{"href":"https:\/\/archive.sana.sy\/es\/index.php?rest_route=%2Fwp%2Fv2%2Fmedia&parent=345154"}],"wp:term":[{"taxonomy":"category","embeddable":true,"href":"https:\/\/archive.sana.sy\/es\/index.php?rest_route=%2Fwp%2Fv2%2Fcategories&post=345154"},{"taxonomy":"post_tag","embeddable":true,"href":"https:\/\/archive.sana.sy\/es\/index.php?rest_route=%2Fwp%2Fv2%2Ftags&post=345154"}],"curies":[{"name":"wp","href":"https:\/\/api.w.org\/{rel}","templated":true}]}}