{"id":345165,"date":"2025-01-09T11:59:56","date_gmt":"2025-01-09T08:59:56","guid":{"rendered":"https:\/\/sana.sy\/es\/?p=345165"},"modified":"2025-01-09T12:00:09","modified_gmt":"2025-01-09T09:00:09","slug":"ministro-de-defensa-trabajaremos-para-que-el-ejercito-vuelva-a-su-objetivo-primordial-de-proteger-la-patria-y-defender-el-pueblo","status":"publish","type":"post","link":"https:\/\/archive.sana.sy\/es\/?p=345165","title":{"rendered":"Ministro de Defensa: Trabajaremos para que el Ej\u00e9rcito vuelva a su objetivo primordial de proteger la patria y defender el pueblo"},"content":{"rendered":"<p style=\"text-align: justify;\"><span style=\"color: #800000;\"><strong>Damasco, 9 ene (SANA)\u00a0<\/strong> <\/span>\u00a0El ministro sirio de Defensa, Marhaf Abu Qasra, dijo hoy que \u201cel r\u00e9gimen anterior utiliz\u00f3 al ej\u00e9rcito y las fuerzas armadas para servir a sus intereses y ambiciones personales, para protegerse y matar al pueblo sirio, lo que hizo que este ej\u00e9rcito tenga una mala reputaci\u00f3n y se convirti\u00f3 en una fuente de temor para el pueblo sirio.<\/p>\n<p style=\"text-align: justify;\">Prometemos que trabajaremos para que el ej\u00e9rcito vuelva a su objetivo principal de proteger la patria y defender al pueblo, y confirmamos que estamos luchando con todos nuestros esfuerzos para reparar la brecha entre las fuerzas armadas y el pueblo sirio, agreg\u00f3 el Ministro de Defensa en un comunicado.<\/p>\n<p style=\"text-align: justify;\">Agreg\u00f3 que la importancia de reestructurar la estructura organizativa nos obliga a trabajar sin descanso, d\u00eda y noche hasta alcanzar nuestras metas iniciales en un per\u00edodo r\u00e9cord, y despu\u00e9s del cual comenzar\u00e1 la fase de desarrollo en todos los pilares del Ej\u00e9rcito \u00c1rabe Sirio.<\/p>\n<p style=\"text-align: justify;\">\n","protected":false},"excerpt":{"rendered":"<p>Damasco, 9 ene (SANA)\u00a0 \u00a0El ministro sirio de Defensa, Marhaf Abu Qasra, dijo hoy que \u201cel r\u00e9gimen anterior utiliz\u00f3 al ej\u00e9rcito y las fuerzas armadas para servir a sus intereses y ambiciones personales, para protegerse y matar al pueblo sirio, lo que hizo que este ej\u00e9rcito tenga una mala reputaci\u00f3n y se convirti\u00f3 en una &hellip;<\/p>\n","protected":false},"author":35,"featured_media":345166,"comment_status":"closed","ping_status":"closed","sticky":false,"template":"","format":"standard","meta":{"footnotes":""},"categories":[597,20724,476,583,1],"tags":[],"class_list":["post-345165","post","type-post","status-publish","format-standard","has-post-thumbnail","","category-cinta-de-noticias","category-minuto-a-minuto","category-locales","category-slide","category-news-not-sorted"],"_links":{"self":[{"href":"https:\/\/archive.sana.sy\/es\/index.php?rest_route=\/wp\/v2\/posts\/345165"}],"collection":[{"href":"https:\/\/archive.sana.sy\/es\/index.php?rest_route=\/wp\/v2\/posts"}],"about":[{"href":"https:\/\/archive.sana.sy\/es\/index.php?rest_route=\/wp\/v2\/types\/post"}],"author":[{"embeddable":true,"href":"https:\/\/archive.sana.sy\/es\/index.php?rest_route=\/wp\/v2\/users\/35"}],"replies":[{"embeddable":true,"href":"https:\/\/archive.sana.sy\/es\/index.php?rest_route=%2Fwp%2Fv2%2Fcomments&post=345165"}],"version-history":[{"count":1,"href":"https:\/\/archive.sana.sy\/es\/index.php?rest_route=\/wp\/v2\/posts\/345165\/revisions"}],"predecessor-version":[{"id":345167,"href":"https:\/\/archive.sana.sy\/es\/index.php?rest_route=\/wp\/v2\/posts\/345165\/revisions\/345167"}],"wp:featuredmedia":[{"embeddable":true,"href":"https:\/\/archive.sana.sy\/es\/index.php?rest_route=\/wp\/v2\/media\/345166"}],"wp:attachment":[{"href":"https:\/\/archive.sana.sy\/es\/index.php?rest_route=%2Fwp%2Fv2%2Fmedia&parent=345165"}],"wp:term":[{"taxonomy":"category","embeddable":true,"href":"https:\/\/archive.sana.sy\/es\/index.php?rest_route=%2Fwp%2Fv2%2Fcategories&post=345165"},{"taxonomy":"post_tag","embeddable":true,"href":"https:\/\/archive.sana.sy\/es\/index.php?rest_route=%2Fwp%2Fv2%2Ftags&post=345165"}],"curies":[{"name":"wp","href":"https:\/\/api.w.org\/{rel}","templated":true}]}}