{"id":345179,"date":"2025-01-09T16:19:57","date_gmt":"2025-01-09T13:19:57","guid":{"rendered":"https:\/\/sana.sy\/es\/?p=345179"},"modified":"2025-01-09T16:36:06","modified_gmt":"2025-01-09T13:36:06","slug":"reunion-en-el-ministerio-de-salud-para-analizar-formas-de-desarrollar-el-trabajo-de-las-direcciones-centrales","status":"publish","type":"post","link":"https:\/\/archive.sana.sy\/es\/?p=345179","title":{"rendered":"Reuni\u00f3n en el Ministerio de Salud para analizar formas de desarrollar el trabajo de las direcciones centrales"},"content":{"rendered":"<p>Damasco, 09 ene (SANA) El ministro interino de Salud, Maher Al-Sharaa, analiz\u00f3 con varios directores de la administraci\u00f3n central del Ministerio el mecanismo y los medios para desarrollar el trabajo y la reestructuraci\u00f3n de estas direcciones.<\/p>\n<p>Durante la reuni\u00f3n celebrada hoy en la sede del Ministerio en Damasco, Al-Sharaa examin\u00f3 con los directores involucrados los planes de trabajo, los desaf\u00edos futuros y las formas de superarlos, destacando la importancia de continuar los esfuerzos para mejorar los servicios prestados a los ciudadanos lo m\u00e1s r\u00e1pido posible.<\/p>\n<p>&nbsp;<\/p>\n<div id='gallery-1' class='gallery galleryid-345179 gallery-columns-1 gallery-size-full'><figure class='gallery-item'>\n\t\t\t<div class='gallery-icon landscape'>\n\t\t\t\t<a href='https:\/\/archive.sana.sy\/es\/wp-content\/uploads\/2025\/01\/Reunion-en-el-Ministerio-de-Salud-para-analizar-formas-de-desarrollar-el-trabajo-de-las-direcciones-centrales2.jpg'><img loading=\"lazy\" decoding=\"async\" width=\"660\" height=\"414\" src=\"https:\/\/archive.sana.sy\/es\/wp-content\/uploads\/2025\/01\/Reunion-en-el-Ministerio-de-Salud-para-analizar-formas-de-desarrollar-el-trabajo-de-las-direcciones-centrales2.jpg\" class=\"attachment-full size-full\" alt=\"\" srcset=\"https:\/\/archive.sana.sy\/es\/wp-content\/uploads\/2025\/01\/Reunion-en-el-Ministerio-de-Salud-para-analizar-formas-de-desarrollar-el-trabajo-de-las-direcciones-centrales2.jpg 660w, https:\/\/archive.sana.sy\/es\/wp-content\/uploads\/2025\/01\/Reunion-en-el-Ministerio-de-Salud-para-analizar-formas-de-desarrollar-el-trabajo-de-las-direcciones-centrales2-300x188.jpg 300w, https:\/\/archive.sana.sy\/es\/wp-content\/uploads\/2025\/01\/Reunion-en-el-Ministerio-de-Salud-para-analizar-formas-de-desarrollar-el-trabajo-de-las-direcciones-centrales2-150x94.jpg 150w\" sizes=\"(max-width: 660px) 100vw, 660px\" \/><\/a>\n\t\t\t<\/div><\/figure><figure class='gallery-item'>\n\t\t\t<div class='gallery-icon landscape'>\n\t\t\t\t<a href='https:\/\/archive.sana.sy\/es\/wp-content\/uploads\/2025\/01\/Reunion-en-el-Ministerio-de-Salud-para-analizar-formas-de-desarrollar-el-trabajo-de-las-direcciones-centrales1.jpg'><img loading=\"lazy\" decoding=\"async\" width=\"660\" height=\"421\" src=\"https:\/\/archive.sana.sy\/es\/wp-content\/uploads\/2025\/01\/Reunion-en-el-Ministerio-de-Salud-para-analizar-formas-de-desarrollar-el-trabajo-de-las-direcciones-centrales1.jpg\" class=\"attachment-full size-full\" alt=\"\" srcset=\"https:\/\/archive.sana.sy\/es\/wp-content\/uploads\/2025\/01\/Reunion-en-el-Ministerio-de-Salud-para-analizar-formas-de-desarrollar-el-trabajo-de-las-direcciones-centrales1.jpg 660w, https:\/\/archive.sana.sy\/es\/wp-content\/uploads\/2025\/01\/Reunion-en-el-Ministerio-de-Salud-para-analizar-formas-de-desarrollar-el-trabajo-de-las-direcciones-centrales1-300x191.jpg 300w, https:\/\/archive.sana.sy\/es\/wp-content\/uploads\/2025\/01\/Reunion-en-el-Ministerio-de-Salud-para-analizar-formas-de-desarrollar-el-trabajo-de-las-direcciones-centrales1-150x96.jpg 150w\" sizes=\"(max-width: 660px) 100vw, 660px\" \/><\/a>\n\t\t\t<\/div><\/figure>\n\t\t<\/div>\n\n","protected":false},"excerpt":{"rendered":"<p>Damasco, 09 ene (SANA) El ministro interino de Salud, Maher Al-Sharaa, analiz\u00f3 con varios directores de la administraci\u00f3n central del Ministerio el mecanismo y los medios para desarrollar el trabajo y la reestructuraci\u00f3n de estas direcciones. Durante la reuni\u00f3n celebrada hoy en la sede del Ministerio en Damasco, Al-Sharaa examin\u00f3 con los directores involucrados los &hellip;<\/p>\n","protected":false},"author":43,"featured_media":345188,"comment_status":"closed","ping_status":"closed","sticky":false,"template":"","format":"standard","meta":{"footnotes":""},"categories":[597,20724,476,7541],"tags":[],"class_list":["post-345179","post","type-post","status-publish","format-standard","has-post-thumbnail","","category-cinta-de-noticias","category-minuto-a-minuto","category-locales","category-ultimas-noticias"],"_links":{"self":[{"href":"https:\/\/archive.sana.sy\/es\/index.php?rest_route=\/wp\/v2\/posts\/345179"}],"collection":[{"href":"https:\/\/archive.sana.sy\/es\/index.php?rest_route=\/wp\/v2\/posts"}],"about":[{"href":"https:\/\/archive.sana.sy\/es\/index.php?rest_route=\/wp\/v2\/types\/post"}],"author":[{"embeddable":true,"href":"https:\/\/archive.sana.sy\/es\/index.php?rest_route=\/wp\/v2\/users\/43"}],"replies":[{"embeddable":true,"href":"https:\/\/archive.sana.sy\/es\/index.php?rest_route=%2Fwp%2Fv2%2Fcomments&post=345179"}],"version-history":[{"count":2,"href":"https:\/\/archive.sana.sy\/es\/index.php?rest_route=\/wp\/v2\/posts\/345179\/revisions"}],"predecessor-version":[{"id":345192,"href":"https:\/\/archive.sana.sy\/es\/index.php?rest_route=\/wp\/v2\/posts\/345179\/revisions\/345192"}],"wp:featuredmedia":[{"embeddable":true,"href":"https:\/\/archive.sana.sy\/es\/index.php?rest_route=\/wp\/v2\/media\/345188"}],"wp:attachment":[{"href":"https:\/\/archive.sana.sy\/es\/index.php?rest_route=%2Fwp%2Fv2%2Fmedia&parent=345179"}],"wp:term":[{"taxonomy":"category","embeddable":true,"href":"https:\/\/archive.sana.sy\/es\/index.php?rest_route=%2Fwp%2Fv2%2Fcategories&post=345179"},{"taxonomy":"post_tag","embeddable":true,"href":"https:\/\/archive.sana.sy\/es\/index.php?rest_route=%2Fwp%2Fv2%2Ftags&post=345179"}],"curies":[{"name":"wp","href":"https:\/\/api.w.org\/{rel}","templated":true}]}}