{"id":345180,"date":"2025-01-09T11:35:21","date_gmt":"2025-01-09T08:35:21","guid":{"rendered":"https:\/\/sana.sy\/es\/?p=345180"},"modified":"2025-01-09T16:36:48","modified_gmt":"2025-01-09T13:36:48","slug":"recorrido-de-una-delegacion-del-ministerio-de-economia-en-instalaciones-y-fabricas-de-la-provincia-central-de-hama","status":"publish","type":"post","link":"https:\/\/archive.sana.sy\/es\/?p=345180","title":{"rendered":"Recorrido de una delegaci\u00f3n del Ministerio de Econom\u00eda en instalaciones y f\u00e1bricas de la provincia central de Hama"},"content":{"rendered":"<p style=\"text-align: justify;\"><span style=\"color: #800000;\"><strong>Hama, 09 ene (SANA)\u00a0<\/strong><\/span> Una delegaci\u00f3n del Ministerio de Econom\u00eda visit\u00f3 varias instalaciones industriales y f\u00e1bricas privadas en la provincia central de Hama, para conocer el estado del proceso de producci\u00f3n y las dificultades que enfrenta, as\u00ed como encontrar soluciones para satisfacer las demandas del mercado y apoyar la econom\u00eda nacional.<\/p>\n<p style=\"text-align: justify;\">El representante de la referida entidad, Abdul Karim Salama, afirm\u00f3 que el Ministerio no escatimar\u00e1 esfuerzos para brindar apoyo a las instalaciones industriales y f\u00e1bricas con el fin de garantizar la continuidad y el desarrollo de su producci\u00f3n y superar las dificultades y obst\u00e1culos previamente creados por el r\u00e9gimen ca\u00eddo para obstaculizar la producci\u00f3n y explotar a los propietarios, lo que dificultaba el movimiento industrial y la productividad.<\/p>\n<p style=\"text-align: justify;\">El presidente de la C\u00e1mara de Industria de Hama, Abdul-Ilah Zaza, expres\u00f3 la disposici\u00f3n de la C\u00e1mara a brindar apoyo para otorgar autorizaci\u00f3n a cualquier instalaci\u00f3n o f\u00e1brica y ayudar a los industriales a garantizar los requisitos de producci\u00f3n y mejorar el proceso de producci\u00f3n.<\/p>\n<div id='gallery-1' class='gallery galleryid-345180 gallery-columns-1 gallery-size-full'><figure class='gallery-item'>\n\t\t\t<div class='gallery-icon landscape'>\n\t\t\t\t<a href='https:\/\/archive.sana.sy\/es\/?attachment_id=345182'><img loading=\"lazy\" decoding=\"async\" width=\"660\" height=\"440\" src=\"https:\/\/archive.sana.sy\/es\/wp-content\/uploads\/2025\/01\/Recorrido-de-una-delegacion-del-Ministerio-de-Economia-en-instalaciones-y-fabricas-de-la-provincia-central-de-Hama0.jpeg\" class=\"attachment-full size-full\" alt=\"\" srcset=\"https:\/\/archive.sana.sy\/es\/wp-content\/uploads\/2025\/01\/Recorrido-de-una-delegacion-del-Ministerio-de-Economia-en-instalaciones-y-fabricas-de-la-provincia-central-de-Hama0.jpeg 660w, https:\/\/archive.sana.sy\/es\/wp-content\/uploads\/2025\/01\/Recorrido-de-una-delegacion-del-Ministerio-de-Economia-en-instalaciones-y-fabricas-de-la-provincia-central-de-Hama0-300x200.jpeg 300w, https:\/\/archive.sana.sy\/es\/wp-content\/uploads\/2025\/01\/Recorrido-de-una-delegacion-del-Ministerio-de-Economia-en-instalaciones-y-fabricas-de-la-provincia-central-de-Hama0-150x100.jpeg 150w\" sizes=\"(max-width: 660px) 100vw, 660px\" \/><\/a>\n\t\t\t<\/div><\/figure><figure class='gallery-item'>\n\t\t\t<div class='gallery-icon landscape'>\n\t\t\t\t<a href='https:\/\/archive.sana.sy\/es\/?attachment_id=345183'><img loading=\"lazy\" decoding=\"async\" width=\"660\" height=\"440\" src=\"https:\/\/archive.sana.sy\/es\/wp-content\/uploads\/2025\/01\/Recorrido-de-una-delegacion-del-Ministerio-de-Economia-en-instalaciones-y-fabricas-de-la-provincia-central-de-Hama00.jpeg\" class=\"attachment-full size-full\" alt=\"\" srcset=\"https:\/\/archive.sana.sy\/es\/wp-content\/uploads\/2025\/01\/Recorrido-de-una-delegacion-del-Ministerio-de-Economia-en-instalaciones-y-fabricas-de-la-provincia-central-de-Hama00.jpeg 660w, https:\/\/archive.sana.sy\/es\/wp-content\/uploads\/2025\/01\/Recorrido-de-una-delegacion-del-Ministerio-de-Economia-en-instalaciones-y-fabricas-de-la-provincia-central-de-Hama00-300x200.jpeg 300w, https:\/\/archive.sana.sy\/es\/wp-content\/uploads\/2025\/01\/Recorrido-de-una-delegacion-del-Ministerio-de-Economia-en-instalaciones-y-fabricas-de-la-provincia-central-de-Hama00-150x100.jpeg 150w\" sizes=\"(max-width: 660px) 100vw, 660px\" \/><\/a>\n\t\t\t<\/div><\/figure><figure class='gallery-item'>\n\t\t\t<div class='gallery-icon landscape'>\n\t\t\t\t<a href='https:\/\/archive.sana.sy\/es\/?attachment_id=345184'><img loading=\"lazy\" decoding=\"async\" width=\"660\" height=\"440\" src=\"https:\/\/archive.sana.sy\/es\/wp-content\/uploads\/2025\/01\/Recorrido-de-una-delegacion-del-Ministerio-de-Economia-en-instalaciones-y-fabricas-de-la-provincia-central-de-Hama002.jpeg\" class=\"attachment-full size-full\" alt=\"\" srcset=\"https:\/\/archive.sana.sy\/es\/wp-content\/uploads\/2025\/01\/Recorrido-de-una-delegacion-del-Ministerio-de-Economia-en-instalaciones-y-fabricas-de-la-provincia-central-de-Hama002.jpeg 660w, https:\/\/archive.sana.sy\/es\/wp-content\/uploads\/2025\/01\/Recorrido-de-una-delegacion-del-Ministerio-de-Economia-en-instalaciones-y-fabricas-de-la-provincia-central-de-Hama002-300x200.jpeg 300w, https:\/\/archive.sana.sy\/es\/wp-content\/uploads\/2025\/01\/Recorrido-de-una-delegacion-del-Ministerio-de-Economia-en-instalaciones-y-fabricas-de-la-provincia-central-de-Hama002-150x100.jpeg 150w\" sizes=\"(max-width: 660px) 100vw, 660px\" \/><\/a>\n\t\t\t<\/div><\/figure><figure class='gallery-item'>\n\t\t\t<div class='gallery-icon landscape'>\n\t\t\t\t<a href='https:\/\/archive.sana.sy\/es\/?attachment_id=345185'><img loading=\"lazy\" decoding=\"async\" width=\"660\" height=\"440\" src=\"https:\/\/archive.sana.sy\/es\/wp-content\/uploads\/2025\/01\/Recorrido-de-una-delegacion-del-Ministerio-de-Economia-en-instalaciones-y-fabricas-de-la-provincia-central-de-Hama01.jpeg\" class=\"attachment-full size-full\" alt=\"\" srcset=\"https:\/\/archive.sana.sy\/es\/wp-content\/uploads\/2025\/01\/Recorrido-de-una-delegacion-del-Ministerio-de-Economia-en-instalaciones-y-fabricas-de-la-provincia-central-de-Hama01.jpeg 660w, https:\/\/archive.sana.sy\/es\/wp-content\/uploads\/2025\/01\/Recorrido-de-una-delegacion-del-Ministerio-de-Economia-en-instalaciones-y-fabricas-de-la-provincia-central-de-Hama01-300x200.jpeg 300w, https:\/\/archive.sana.sy\/es\/wp-content\/uploads\/2025\/01\/Recorrido-de-una-delegacion-del-Ministerio-de-Economia-en-instalaciones-y-fabricas-de-la-provincia-central-de-Hama01-150x100.jpeg 150w\" sizes=\"(max-width: 660px) 100vw, 660px\" \/><\/a>\n\t\t\t<\/div><\/figure><figure class='gallery-item'>\n\t\t\t<div class='gallery-icon landscape'>\n\t\t\t\t<a href='https:\/\/archive.sana.sy\/es\/?attachment_id=345186'><img loading=\"lazy\" decoding=\"async\" width=\"660\" height=\"440\" src=\"https:\/\/archive.sana.sy\/es\/wp-content\/uploads\/2025\/01\/Recorrido-de-una-delegacion-del-Ministerio-de-Economia-en-instalaciones-y-fabricas-de-la-provincia-central-de-Hama001.jpeg\" class=\"attachment-full size-full\" alt=\"\" srcset=\"https:\/\/archive.sana.sy\/es\/wp-content\/uploads\/2025\/01\/Recorrido-de-una-delegacion-del-Ministerio-de-Economia-en-instalaciones-y-fabricas-de-la-provincia-central-de-Hama001.jpeg 660w, https:\/\/archive.sana.sy\/es\/wp-content\/uploads\/2025\/01\/Recorrido-de-una-delegacion-del-Ministerio-de-Economia-en-instalaciones-y-fabricas-de-la-provincia-central-de-Hama001-300x200.jpeg 300w, https:\/\/archive.sana.sy\/es\/wp-content\/uploads\/2025\/01\/Recorrido-de-una-delegacion-del-Ministerio-de-Economia-en-instalaciones-y-fabricas-de-la-provincia-central-de-Hama001-150x100.jpeg 150w\" sizes=\"(max-width: 660px) 100vw, 660px\" \/><\/a>\n\t\t\t<\/div><\/figure>\n\t\t<\/div>\n\n<p style=\"text-align: justify;\">\n","protected":false},"excerpt":{"rendered":"<p>Hama, 09 ene (SANA)\u00a0 Una delegaci\u00f3n del Ministerio de Econom\u00eda visit\u00f3 varias instalaciones industriales y f\u00e1bricas privadas en la provincia central de Hama, para conocer el estado del proceso de producci\u00f3n y las dificultades que enfrenta, as\u00ed como encontrar soluciones para satisfacer las demandas del mercado y apoyar la econom\u00eda nacional. El representante de la &hellip;<\/p>\n","protected":false},"author":39,"featured_media":345181,"comment_status":"closed","ping_status":"closed","sticky":false,"template":"","format":"standard","meta":{"footnotes":""},"categories":[597,16686,483,485,20724,476,7541],"tags":[],"class_list":["post-345180","post","type-post","status-publish","format-standard","has-post-thumbnail","","category-cinta-de-noticias","category-economia","category-negocios-y-finanzas","category-informes-negocios-y-finanzas","category-minuto-a-minuto","category-locales","category-ultimas-noticias"],"_links":{"self":[{"href":"https:\/\/archive.sana.sy\/es\/index.php?rest_route=\/wp\/v2\/posts\/345180"}],"collection":[{"href":"https:\/\/archive.sana.sy\/es\/index.php?rest_route=\/wp\/v2\/posts"}],"about":[{"href":"https:\/\/archive.sana.sy\/es\/index.php?rest_route=\/wp\/v2\/types\/post"}],"author":[{"embeddable":true,"href":"https:\/\/archive.sana.sy\/es\/index.php?rest_route=\/wp\/v2\/users\/39"}],"replies":[{"embeddable":true,"href":"https:\/\/archive.sana.sy\/es\/index.php?rest_route=%2Fwp%2Fv2%2Fcomments&post=345180"}],"version-history":[{"count":3,"href":"https:\/\/archive.sana.sy\/es\/index.php?rest_route=\/wp\/v2\/posts\/345180\/revisions"}],"predecessor-version":[{"id":345194,"href":"https:\/\/archive.sana.sy\/es\/index.php?rest_route=\/wp\/v2\/posts\/345180\/revisions\/345194"}],"wp:featuredmedia":[{"embeddable":true,"href":"https:\/\/archive.sana.sy\/es\/index.php?rest_route=\/wp\/v2\/media\/345181"}],"wp:attachment":[{"href":"https:\/\/archive.sana.sy\/es\/index.php?rest_route=%2Fwp%2Fv2%2Fmedia&parent=345180"}],"wp:term":[{"taxonomy":"category","embeddable":true,"href":"https:\/\/archive.sana.sy\/es\/index.php?rest_route=%2Fwp%2Fv2%2Fcategories&post=345180"},{"taxonomy":"post_tag","embeddable":true,"href":"https:\/\/archive.sana.sy\/es\/index.php?rest_route=%2Fwp%2Fv2%2Ftags&post=345180"}],"curies":[{"name":"wp","href":"https:\/\/api.w.org\/{rel}","templated":true}]}}