{"id":345210,"date":"2025-01-10T10:24:11","date_gmt":"2025-01-10T07:24:11","guid":{"rendered":"https:\/\/sana.sy\/es\/?p=345210"},"modified":"2025-01-10T10:29:27","modified_gmt":"2025-01-10T07:29:27","slug":"cham-wings-reanuda-vuelos-diarios-desde-damasco-a-kuwait-y-viceversa","status":"publish","type":"post","link":"https:\/\/archive.sana.sy\/es\/?p=345210","title":{"rendered":"Cham Wings reanuda vuelos diarios desde Damasco a Kuwait y viceversa"},"content":{"rendered":"<p style=\"text-align: justify;\"><strong><span style=\"color: #800000;\">Damasco, 10 ene (SANA)\u00a0<\/span> <\/strong>La aerol\u00ednea siria, Cham Wings Airlines, anunci\u00f3 la reanudaci\u00f3n de sus vuelos diarios desde Damasco a Kuwait y viceversa, a partir de hoy, 10 de enero.<\/p>\n<p style=\"text-align: justify;\">\u201cCham Wings Airlines comenzar\u00e1 a operar sus vuelos diarios desde el Aeropuerto Internacional de Damasco al Aeropuerto Internacional de Kuwait y viceversa a partir de este viernes, 10 de enero, a un ritmo de un vuelo por d\u00eda con el fin de satisfacer las necesidades de los viajeros\u201d, dijo el director de Desarrollo y Relaciones P\u00fablicas de la referida compa\u00f1\u00eda, Osama Sateh, en una declaraci\u00f3n a SANA.<\/p>\n<p style=\"text-align: justify;\">Sateh sugiri\u00f3 a los viajeros que deseen solicitar informaci\u00f3n sobre vuelos a comunicarse al n\u00famero 0119211.<\/p>\n","protected":false},"excerpt":{"rendered":"<p>Damasco, 10 ene (SANA)\u00a0 La aerol\u00ednea siria, Cham Wings Airlines, anunci\u00f3 la reanudaci\u00f3n de sus vuelos diarios desde Damasco a Kuwait y viceversa, a partir de hoy, 10 de enero. \u201cCham Wings Airlines comenzar\u00e1 a operar sus vuelos diarios desde el Aeropuerto Internacional de Damasco al Aeropuerto Internacional de Kuwait y viceversa a partir de &hellip;<\/p>\n","protected":false},"author":39,"featured_media":345211,"comment_status":"closed","ping_status":"closed","sticky":false,"template":"","format":"standard","meta":{"footnotes":""},"categories":[597,20724,476,7541],"tags":[],"class_list":["post-345210","post","type-post","status-publish","format-standard","has-post-thumbnail","","category-cinta-de-noticias","category-minuto-a-minuto","category-locales","category-ultimas-noticias"],"_links":{"self":[{"href":"https:\/\/archive.sana.sy\/es\/index.php?rest_route=\/wp\/v2\/posts\/345210"}],"collection":[{"href":"https:\/\/archive.sana.sy\/es\/index.php?rest_route=\/wp\/v2\/posts"}],"about":[{"href":"https:\/\/archive.sana.sy\/es\/index.php?rest_route=\/wp\/v2\/types\/post"}],"author":[{"embeddable":true,"href":"https:\/\/archive.sana.sy\/es\/index.php?rest_route=\/wp\/v2\/users\/39"}],"replies":[{"embeddable":true,"href":"https:\/\/archive.sana.sy\/es\/index.php?rest_route=%2Fwp%2Fv2%2Fcomments&post=345210"}],"version-history":[{"count":3,"href":"https:\/\/archive.sana.sy\/es\/index.php?rest_route=\/wp\/v2\/posts\/345210\/revisions"}],"predecessor-version":[{"id":345214,"href":"https:\/\/archive.sana.sy\/es\/index.php?rest_route=\/wp\/v2\/posts\/345210\/revisions\/345214"}],"wp:featuredmedia":[{"embeddable":true,"href":"https:\/\/archive.sana.sy\/es\/index.php?rest_route=\/wp\/v2\/media\/345211"}],"wp:attachment":[{"href":"https:\/\/archive.sana.sy\/es\/index.php?rest_route=%2Fwp%2Fv2%2Fmedia&parent=345210"}],"wp:term":[{"taxonomy":"category","embeddable":true,"href":"https:\/\/archive.sana.sy\/es\/index.php?rest_route=%2Fwp%2Fv2%2Fcategories&post=345210"},{"taxonomy":"post_tag","embeddable":true,"href":"https:\/\/archive.sana.sy\/es\/index.php?rest_route=%2Fwp%2Fv2%2Ftags&post=345210"}],"curies":[{"name":"wp","href":"https:\/\/api.w.org\/{rel}","templated":true}]}}