{"id":345237,"date":"2025-01-10T13:10:52","date_gmt":"2025-01-10T10:10:52","guid":{"rendered":"https:\/\/sana.sy\/es\/?p=345237"},"modified":"2025-01-10T14:17:20","modified_gmt":"2025-01-10T11:17:20","slug":"el-lider-al-sharaa-se-reune-con-una-delegacion-de-la-republica-italiana-encabezada-por-el-canciller-antonio-tajani","status":"publish","type":"post","link":"https:\/\/archive.sana.sy\/es\/?p=345237","title":{"rendered":"El l\u00edder Al-Sharaa se re\u00fane con una delegaci\u00f3n de la Rep\u00fablica Italiana encabezada por el canciller, Antonio Tajani"},"content":{"rendered":"<p style=\"text-align: justify;\"><span style=\"color: #800000;\"><strong>Damasco, 10 ene (SANA)\u00a0<\/strong> <\/span>El l\u00edder de la nueva administraci\u00f3n siria, Ahmed Al-Sharaa, y el ministro sirio de Asuntos Exteriores, Asaad al-Sheibani, se reunieron con una delegaci\u00f3n de la Rep\u00fablica Italiana encabezada por el canciller, Antonio Tajani.<\/p>\n<div id='gallery-1' class='gallery galleryid-345237 gallery-columns-1 gallery-size-full'><figure class='gallery-item'>\n\t\t\t<div class='gallery-icon landscape'>\n\t\t\t\t<a href='https:\/\/archive.sana.sy\/es\/?attachment_id=345239'><img loading=\"lazy\" decoding=\"async\" width=\"2560\" height=\"1437\" src=\"https:\/\/archive.sana.sy\/es\/wp-content\/uploads\/2025\/01\/El-lider-Al-Sharaa-se-reune-con-una-delegacion-Italiana.jpg\" class=\"attachment-full size-full\" alt=\"\" srcset=\"https:\/\/archive.sana.sy\/es\/wp-content\/uploads\/2025\/01\/El-lider-Al-Sharaa-se-reune-con-una-delegacion-Italiana.jpg 2560w, https:\/\/archive.sana.sy\/es\/wp-content\/uploads\/2025\/01\/El-lider-Al-Sharaa-se-reune-con-una-delegacion-Italiana-300x168.jpg 300w, https:\/\/archive.sana.sy\/es\/wp-content\/uploads\/2025\/01\/El-lider-Al-Sharaa-se-reune-con-una-delegacion-Italiana-1024x575.jpg 1024w, https:\/\/archive.sana.sy\/es\/wp-content\/uploads\/2025\/01\/El-lider-Al-Sharaa-se-reune-con-una-delegacion-Italiana-150x84.jpg 150w, https:\/\/archive.sana.sy\/es\/wp-content\/uploads\/2025\/01\/El-lider-Al-Sharaa-se-reune-con-una-delegacion-Italiana-768x431.jpg 768w, https:\/\/archive.sana.sy\/es\/wp-content\/uploads\/2025\/01\/El-lider-Al-Sharaa-se-reune-con-una-delegacion-Italiana-1536x862.jpg 1536w, https:\/\/archive.sana.sy\/es\/wp-content\/uploads\/2025\/01\/El-lider-Al-Sharaa-se-reune-con-una-delegacion-Italiana-2048x1150.jpg 2048w\" sizes=\"(max-width: 2560px) 100vw, 2560px\" \/><\/a>\n\t\t\t<\/div><\/figure><figure class='gallery-item'>\n\t\t\t<div class='gallery-icon landscape'>\n\t\t\t\t<a href='https:\/\/archive.sana.sy\/es\/?attachment_id=345241'><img loading=\"lazy\" decoding=\"async\" width=\"1280\" height=\"718\" src=\"https:\/\/archive.sana.sy\/es\/wp-content\/uploads\/2025\/01\/lider.jpg\" class=\"attachment-full size-full\" alt=\"\" srcset=\"https:\/\/archive.sana.sy\/es\/wp-content\/uploads\/2025\/01\/lider.jpg 1280w, https:\/\/archive.sana.sy\/es\/wp-content\/uploads\/2025\/01\/lider-300x168.jpg 300w, https:\/\/archive.sana.sy\/es\/wp-content\/uploads\/2025\/01\/lider-1024x574.jpg 1024w, https:\/\/archive.sana.sy\/es\/wp-content\/uploads\/2025\/01\/lider-150x84.jpg 150w, https:\/\/archive.sana.sy\/es\/wp-content\/uploads\/2025\/01\/lider-768x431.jpg 768w\" sizes=\"(max-width: 1280px) 100vw, 1280px\" \/><\/a>\n\t\t\t<\/div><\/figure><figure class='gallery-item'>\n\t\t\t<div class='gallery-icon landscape'>\n\t\t\t\t<a href='https:\/\/archive.sana.sy\/es\/?attachment_id=345240'><img loading=\"lazy\" decoding=\"async\" width=\"1280\" height=\"718\" src=\"https:\/\/archive.sana.sy\/es\/wp-content\/uploads\/2025\/01\/El-lider-Al-Sharaa-se-reune-con-una-delegacion-de-la-Republica-Italiana1.jpg\" class=\"attachment-full size-full\" alt=\"\" srcset=\"https:\/\/archive.sana.sy\/es\/wp-content\/uploads\/2025\/01\/El-lider-Al-Sharaa-se-reune-con-una-delegacion-de-la-Republica-Italiana1.jpg 1280w, https:\/\/archive.sana.sy\/es\/wp-content\/uploads\/2025\/01\/El-lider-Al-Sharaa-se-reune-con-una-delegacion-de-la-Republica-Italiana1-300x168.jpg 300w, https:\/\/archive.sana.sy\/es\/wp-content\/uploads\/2025\/01\/El-lider-Al-Sharaa-se-reune-con-una-delegacion-de-la-Republica-Italiana1-1024x574.jpg 1024w, https:\/\/archive.sana.sy\/es\/wp-content\/uploads\/2025\/01\/El-lider-Al-Sharaa-se-reune-con-una-delegacion-de-la-Republica-Italiana1-150x84.jpg 150w, https:\/\/archive.sana.sy\/es\/wp-content\/uploads\/2025\/01\/El-lider-Al-Sharaa-se-reune-con-una-delegacion-de-la-Republica-Italiana1-768x431.jpg 768w\" sizes=\"(max-width: 1280px) 100vw, 1280px\" \/><\/a>\n\t\t\t<\/div><\/figure>\n\t\t<\/div>\n\n<p>sm<\/p>\n","protected":false},"excerpt":{"rendered":"<p>Damasco, 10 ene (SANA)\u00a0 El l\u00edder de la nueva administraci\u00f3n siria, Ahmed Al-Sharaa, y el ministro sirio de Asuntos Exteriores, Asaad al-Sheibani, se reunieron con una delegaci\u00f3n de la Rep\u00fablica Italiana encabezada por el canciller, Antonio Tajani. sm<\/p>\n","protected":false},"author":39,"featured_media":345238,"comment_status":"closed","ping_status":"closed","sticky":false,"template":"","format":"standard","meta":{"footnotes":""},"categories":[597,20724,467,583],"tags":[],"class_list":["post-345237","post","type-post","status-publish","format-standard","has-post-thumbnail","","category-cinta-de-noticias","category-minuto-a-minuto","category-siria-y-el-mundo","category-slide"],"_links":{"self":[{"href":"https:\/\/archive.sana.sy\/es\/index.php?rest_route=\/wp\/v2\/posts\/345237"}],"collection":[{"href":"https:\/\/archive.sana.sy\/es\/index.php?rest_route=\/wp\/v2\/posts"}],"about":[{"href":"https:\/\/archive.sana.sy\/es\/index.php?rest_route=\/wp\/v2\/types\/post"}],"author":[{"embeddable":true,"href":"https:\/\/archive.sana.sy\/es\/index.php?rest_route=\/wp\/v2\/users\/39"}],"replies":[{"embeddable":true,"href":"https:\/\/archive.sana.sy\/es\/index.php?rest_route=%2Fwp%2Fv2%2Fcomments&post=345237"}],"version-history":[{"count":2,"href":"https:\/\/archive.sana.sy\/es\/index.php?rest_route=\/wp\/v2\/posts\/345237\/revisions"}],"predecessor-version":[{"id":345247,"href":"https:\/\/archive.sana.sy\/es\/index.php?rest_route=\/wp\/v2\/posts\/345237\/revisions\/345247"}],"wp:featuredmedia":[{"embeddable":true,"href":"https:\/\/archive.sana.sy\/es\/index.php?rest_route=\/wp\/v2\/media\/345238"}],"wp:attachment":[{"href":"https:\/\/archive.sana.sy\/es\/index.php?rest_route=%2Fwp%2Fv2%2Fmedia&parent=345237"}],"wp:term":[{"taxonomy":"category","embeddable":true,"href":"https:\/\/archive.sana.sy\/es\/index.php?rest_route=%2Fwp%2Fv2%2Fcategories&post=345237"},{"taxonomy":"post_tag","embeddable":true,"href":"https:\/\/archive.sana.sy\/es\/index.php?rest_route=%2Fwp%2Fv2%2Ftags&post=345237"}],"curies":[{"name":"wp","href":"https:\/\/api.w.org\/{rel}","templated":true}]}}