{"id":345243,"date":"2025-01-10T14:16:27","date_gmt":"2025-01-10T11:16:27","guid":{"rendered":"https:\/\/sana.sy\/es\/?p=345243"},"modified":"2025-01-10T14:36:23","modified_gmt":"2025-01-10T11:36:23","slug":"lo-mas-destacado-de-la-conferencia-de-prensa-del-canciller-sirio-asaad-al-sheibani-con-su-homologo-italiano-antonio-tajani","status":"publish","type":"post","link":"https:\/\/archive.sana.sy\/es\/?p=345243","title":{"rendered":"Conferencia de prensa en Damasco de los cancilleres de Siria e Italia"},"content":{"rendered":"<p style=\"text-align: justify;\"><span style=\"color: #800000;\"><strong>Damasco, 10 ene (SANA) <\/strong><\/span>El ministro sirio de Asuntos Exteriores, Asaad Al-Sheibani, afirma durante una conferencia de prensa con su hom\u00f3logo italiano, Antonio Tajani, el compromiso con los principios y valores que promueven la libertad de todos los sirios, independientemente de sus afiliaciones sectarias, \u00e9tnicas o religiosas, bajo el estado de derecho y la ciudadan\u00eda<\/p>\n<p style=\"text-align: justify;\">Agreg\u00f3 que garantizar estos derechos constituye el pilar fundamental de la unidad y la estabilidad de Siria, lo que tendr\u00eda un impacto positivo en la regi\u00f3n.<\/p>\n<p style=\"text-align: justify;\">Se est\u00e1 trabajando para celebrar una conferencia nacional que sea la primera de su tipo, que re\u00fana a todos los sirios, garantice la formulaci\u00f3n de la siguiente etapa y logre una transici\u00f3n pol\u00edtica fluida y completa del poder en la que todos participan, as\u00ed como garantizar que todos los criminales y todos aquellos implicados en cr\u00edmenes contra el pueblo sirio rindan cuentas, asegur\u00f3 el Canciller.<\/p>\n<p style=\"text-align: justify;\">Al-Shaibani revel\u00f3 que el nuevo liderazgo sirio confirma en esta etapa cr\u00edtica, est\u00e1 poniendo fin a las pr\u00e1cticas del r\u00e9gimen anterior que se utilizaron para consolidar su autoridad, incluida la propagaci\u00f3n de drogas y caos en la regi\u00f3n.<\/p>\n<p style=\"text-align: justify;\">Buscamos abrir una nueva p\u00e1gina en la que Siria ser\u00e1 un modelo de estabilidad, prosperidad y paz, indic\u00f3.<\/p>\n<p style=\"text-align: justify;\">El Canciller dio a conocer que realizar\u00e1 una visita a varios pa\u00edses europeos, para mejorar la asociaci\u00f3n y la cooperaci\u00f3n en todos los campos.<\/p>\n<p style=\"text-align: justify;\">sm\/fm<\/p>\n","protected":false},"excerpt":{"rendered":"<p>Damasco, 10 ene (SANA) El ministro sirio de Asuntos Exteriores, Asaad Al-Sheibani, afirma durante una conferencia de prensa con su hom\u00f3logo italiano, Antonio Tajani, el compromiso con los principios y valores que promueven la libertad de todos los sirios, independientemente de sus afiliaciones sectarias, \u00e9tnicas o religiosas, bajo el estado de derecho y la ciudadan\u00eda &hellip;<\/p>\n","protected":false},"author":39,"featured_media":345244,"comment_status":"closed","ping_status":"closed","sticky":false,"template":"","format":"standard","meta":{"footnotes":""},"categories":[597,20724,467,7541],"tags":[],"class_list":["post-345243","post","type-post","status-publish","format-standard","has-post-thumbnail","","category-cinta-de-noticias","category-minuto-a-minuto","category-siria-y-el-mundo","category-ultimas-noticias"],"_links":{"self":[{"href":"https:\/\/archive.sana.sy\/es\/index.php?rest_route=\/wp\/v2\/posts\/345243"}],"collection":[{"href":"https:\/\/archive.sana.sy\/es\/index.php?rest_route=\/wp\/v2\/posts"}],"about":[{"href":"https:\/\/archive.sana.sy\/es\/index.php?rest_route=\/wp\/v2\/types\/post"}],"author":[{"embeddable":true,"href":"https:\/\/archive.sana.sy\/es\/index.php?rest_route=\/wp\/v2\/users\/39"}],"replies":[{"embeddable":true,"href":"https:\/\/archive.sana.sy\/es\/index.php?rest_route=%2Fwp%2Fv2%2Fcomments&post=345243"}],"version-history":[{"count":6,"href":"https:\/\/archive.sana.sy\/es\/index.php?rest_route=\/wp\/v2\/posts\/345243\/revisions"}],"predecessor-version":[{"id":345252,"href":"https:\/\/archive.sana.sy\/es\/index.php?rest_route=\/wp\/v2\/posts\/345243\/revisions\/345252"}],"wp:featuredmedia":[{"embeddable":true,"href":"https:\/\/archive.sana.sy\/es\/index.php?rest_route=\/wp\/v2\/media\/345244"}],"wp:attachment":[{"href":"https:\/\/archive.sana.sy\/es\/index.php?rest_route=%2Fwp%2Fv2%2Fmedia&parent=345243"}],"wp:term":[{"taxonomy":"category","embeddable":true,"href":"https:\/\/archive.sana.sy\/es\/index.php?rest_route=%2Fwp%2Fv2%2Fcategories&post=345243"},{"taxonomy":"post_tag","embeddable":true,"href":"https:\/\/archive.sana.sy\/es\/index.php?rest_route=%2Fwp%2Fv2%2Ftags&post=345243"}],"curies":[{"name":"wp","href":"https:\/\/api.w.org\/{rel}","templated":true}]}}