{"id":34525,"date":"2015-12-02T12:06:17","date_gmt":"2015-12-02T10:06:17","guid":{"rendered":"http:\/\/sana.sy\/es\/?p=34525"},"modified":"2015-12-02T16:41:32","modified_gmt":"2015-12-02T14:41:32","slug":"canciller-sirio-recibe-copia-de-las-cartas-credenciales-del-embajador-extraordinario-y-plenipotenciario-de-la-india-en-siria","status":"publish","type":"post","link":"https:\/\/archive.sana.sy\/es\/?p=34525","title":{"rendered":"Canciller sirio recibe copia de las cartas credenciales del embajador Extraordinario y Plenipotenciario de la India en Siria"},"content":{"rendered":"<p>Damasco, SANA<\/p>\n<p>El Viceprimer Ministro y Ministro de Exteriores y Expatriados, Walid al-Moallem, recibi\u00f3 este martes a Man Mohan Pahnut, el nuevo embajador de la Rep\u00fablica de la India en Damasco.<\/p>\n<p>En nuevo embajador indio le entreg\u00f3 a al-Moallem una copia de sus cartas credenciales como Embajador Extraordinario y Plenipotenciario de su pa\u00eds en la Rep\u00fablica \u00c1rabe Siria.<\/p>\n<p>Al-Moallem y el nuevo embajador indio sostuvieron conversaciones bilaterales en las que abordaron las relaciones sirio-indias y las formas de consolidarlas para servir a los intereses comunes.<\/p>\n<p>Fady M., Hala B.<\/p>\n","protected":false},"excerpt":{"rendered":"<p>Damasco, SANA El Viceprimer Ministro y Ministro de Exteriores y Expatriados, Walid al-Moallem, recibi\u00f3 este martes a Man Mohan Pahnut, el nuevo embajador de la Rep\u00fablica de la India en Damasco. En nuevo embajador indio le entreg\u00f3 a al-Moallem una copia de sus cartas credenciales como Embajador Extraordinario y Plenipotenciario de su pa\u00eds en la &hellip;<\/p>\n","protected":false},"author":1,"featured_media":28499,"comment_status":"closed","ping_status":"closed","sticky":false,"template":"","format":"standard","meta":{"footnotes":""},"categories":[477,597,476,576],"tags":[7516],"class_list":["post-34525","post","type-post","status-publish","format-standard","has-post-thumbnail","","category-noticias-edulcorantes","category-cinta-de-noticias","category-locales","category-noticias-politicas","tag-canciller-sirio-recibe-copia-de-las-cartas-credenciales-del-embajador-extraordinario-y-plenipotenciario-de-la-india-en-siria"],"_links":{"self":[{"href":"https:\/\/archive.sana.sy\/es\/index.php?rest_route=\/wp\/v2\/posts\/34525"}],"collection":[{"href":"https:\/\/archive.sana.sy\/es\/index.php?rest_route=\/wp\/v2\/posts"}],"about":[{"href":"https:\/\/archive.sana.sy\/es\/index.php?rest_route=\/wp\/v2\/types\/post"}],"author":[{"embeddable":true,"href":"https:\/\/archive.sana.sy\/es\/index.php?rest_route=\/wp\/v2\/users\/1"}],"replies":[{"embeddable":true,"href":"https:\/\/archive.sana.sy\/es\/index.php?rest_route=%2Fwp%2Fv2%2Fcomments&post=34525"}],"version-history":[{"count":0,"href":"https:\/\/archive.sana.sy\/es\/index.php?rest_route=\/wp\/v2\/posts\/34525\/revisions"}],"wp:featuredmedia":[{"embeddable":true,"href":"https:\/\/archive.sana.sy\/es\/index.php?rest_route=\/wp\/v2\/media\/28499"}],"wp:attachment":[{"href":"https:\/\/archive.sana.sy\/es\/index.php?rest_route=%2Fwp%2Fv2%2Fmedia&parent=34525"}],"wp:term":[{"taxonomy":"category","embeddable":true,"href":"https:\/\/archive.sana.sy\/es\/index.php?rest_route=%2Fwp%2Fv2%2Fcategories&post=34525"},{"taxonomy":"post_tag","embeddable":true,"href":"https:\/\/archive.sana.sy\/es\/index.php?rest_route=%2Fwp%2Fv2%2Ftags&post=34525"}],"curies":[{"name":"wp","href":"https:\/\/api.w.org\/{rel}","templated":true}]}}