{"id":345254,"date":"2025-01-10T15:58:00","date_gmt":"2025-01-10T12:58:00","guid":{"rendered":"https:\/\/sana.sy\/es\/?p=345254"},"modified":"2025-01-10T16:01:17","modified_gmt":"2025-01-10T13:01:17","slug":"al-sharaa-se-reune-con-varios-industriales-sirios-en-el-palacio-del-pueblo-de-damasco","status":"publish","type":"post","link":"https:\/\/archive.sana.sy\/es\/?p=345254","title":{"rendered":"Al-Sharaa se re\u00fane con varios industriales sirios en el Palacio del Pueblo de Damasco"},"content":{"rendered":"<p style=\"text-align: justify;\"><span style=\"color: #800000;\"><strong>Damasco, 10 ene (SANA)<\/strong><\/span> El l\u00edder de la nueva administraci\u00f3n siria, Ahmed Al-Sharaa, se re\u00fane con varios industriales sirios en el Palacio del Pueblo de Damasco.<\/p>\n<div id='gallery-1' class='gallery galleryid-345254 gallery-columns-1 gallery-size-full'><figure class='gallery-item'>\n\t\t\t<div class='gallery-icon landscape'>\n\t\t\t\t<a href='https:\/\/archive.sana.sy\/es\/wp-content\/uploads\/2025\/01\/Al-Sharaa-se-reune-con-varios-industriales-sirios-en-el-Palacio-del-Pueblo-de-Damasco1.jpg'><img loading=\"lazy\" decoding=\"async\" width=\"2560\" height=\"1437\" src=\"https:\/\/archive.sana.sy\/es\/wp-content\/uploads\/2025\/01\/Al-Sharaa-se-reune-con-varios-industriales-sirios-en-el-Palacio-del-Pueblo-de-Damasco1.jpg\" class=\"attachment-full size-full\" alt=\"\" srcset=\"https:\/\/archive.sana.sy\/es\/wp-content\/uploads\/2025\/01\/Al-Sharaa-se-reune-con-varios-industriales-sirios-en-el-Palacio-del-Pueblo-de-Damasco1.jpg 2560w, https:\/\/archive.sana.sy\/es\/wp-content\/uploads\/2025\/01\/Al-Sharaa-se-reune-con-varios-industriales-sirios-en-el-Palacio-del-Pueblo-de-Damasco1-300x168.jpg 300w, https:\/\/archive.sana.sy\/es\/wp-content\/uploads\/2025\/01\/Al-Sharaa-se-reune-con-varios-industriales-sirios-en-el-Palacio-del-Pueblo-de-Damasco1-1024x575.jpg 1024w, https:\/\/archive.sana.sy\/es\/wp-content\/uploads\/2025\/01\/Al-Sharaa-se-reune-con-varios-industriales-sirios-en-el-Palacio-del-Pueblo-de-Damasco1-150x84.jpg 150w, https:\/\/archive.sana.sy\/es\/wp-content\/uploads\/2025\/01\/Al-Sharaa-se-reune-con-varios-industriales-sirios-en-el-Palacio-del-Pueblo-de-Damasco1-768x431.jpg 768w, https:\/\/archive.sana.sy\/es\/wp-content\/uploads\/2025\/01\/Al-Sharaa-se-reune-con-varios-industriales-sirios-en-el-Palacio-del-Pueblo-de-Damasco1-1536x862.jpg 1536w, https:\/\/archive.sana.sy\/es\/wp-content\/uploads\/2025\/01\/Al-Sharaa-se-reune-con-varios-industriales-sirios-en-el-Palacio-del-Pueblo-de-Damasco1-2048x1150.jpg 2048w\" sizes=\"(max-width: 2560px) 100vw, 2560px\" \/><\/a>\n\t\t\t<\/div><\/figure><figure class='gallery-item'>\n\t\t\t<div class='gallery-icon landscape'>\n\t\t\t\t<a href='https:\/\/archive.sana.sy\/es\/wp-content\/uploads\/2025\/01\/Al-Sharaa-se-reune-con-varios-industriales-sirios-en-el-Palacio-del-Pueblo-de-Damasco2.jpg'><img loading=\"lazy\" decoding=\"async\" width=\"2560\" height=\"1437\" src=\"https:\/\/archive.sana.sy\/es\/wp-content\/uploads\/2025\/01\/Al-Sharaa-se-reune-con-varios-industriales-sirios-en-el-Palacio-del-Pueblo-de-Damasco2.jpg\" class=\"attachment-full size-full\" alt=\"\" srcset=\"https:\/\/archive.sana.sy\/es\/wp-content\/uploads\/2025\/01\/Al-Sharaa-se-reune-con-varios-industriales-sirios-en-el-Palacio-del-Pueblo-de-Damasco2.jpg 2560w, https:\/\/archive.sana.sy\/es\/wp-content\/uploads\/2025\/01\/Al-Sharaa-se-reune-con-varios-industriales-sirios-en-el-Palacio-del-Pueblo-de-Damasco2-300x168.jpg 300w, https:\/\/archive.sana.sy\/es\/wp-content\/uploads\/2025\/01\/Al-Sharaa-se-reune-con-varios-industriales-sirios-en-el-Palacio-del-Pueblo-de-Damasco2-1024x575.jpg 1024w, https:\/\/archive.sana.sy\/es\/wp-content\/uploads\/2025\/01\/Al-Sharaa-se-reune-con-varios-industriales-sirios-en-el-Palacio-del-Pueblo-de-Damasco2-150x84.jpg 150w, https:\/\/archive.sana.sy\/es\/wp-content\/uploads\/2025\/01\/Al-Sharaa-se-reune-con-varios-industriales-sirios-en-el-Palacio-del-Pueblo-de-Damasco2-768x431.jpg 768w, https:\/\/archive.sana.sy\/es\/wp-content\/uploads\/2025\/01\/Al-Sharaa-se-reune-con-varios-industriales-sirios-en-el-Palacio-del-Pueblo-de-Damasco2-1536x862.jpg 1536w, https:\/\/archive.sana.sy\/es\/wp-content\/uploads\/2025\/01\/Al-Sharaa-se-reune-con-varios-industriales-sirios-en-el-Palacio-del-Pueblo-de-Damasco2-2048x1150.jpg 2048w\" sizes=\"(max-width: 2560px) 100vw, 2560px\" \/><\/a>\n\t\t\t<\/div><\/figure><figure class='gallery-item'>\n\t\t\t<div class='gallery-icon landscape'>\n\t\t\t\t<a href='https:\/\/archive.sana.sy\/es\/wp-content\/uploads\/2025\/01\/Al-Sharaa-se-reune-con-varios-industriales-sirios-en-el-Palacio-del-Pueblo-de-Damasco3.jpg'><img loading=\"lazy\" decoding=\"async\" width=\"2560\" height=\"1437\" src=\"https:\/\/archive.sana.sy\/es\/wp-content\/uploads\/2025\/01\/Al-Sharaa-se-reune-con-varios-industriales-sirios-en-el-Palacio-del-Pueblo-de-Damasco3.jpg\" class=\"attachment-full size-full\" alt=\"\" srcset=\"https:\/\/archive.sana.sy\/es\/wp-content\/uploads\/2025\/01\/Al-Sharaa-se-reune-con-varios-industriales-sirios-en-el-Palacio-del-Pueblo-de-Damasco3.jpg 2560w, https:\/\/archive.sana.sy\/es\/wp-content\/uploads\/2025\/01\/Al-Sharaa-se-reune-con-varios-industriales-sirios-en-el-Palacio-del-Pueblo-de-Damasco3-300x168.jpg 300w, https:\/\/archive.sana.sy\/es\/wp-content\/uploads\/2025\/01\/Al-Sharaa-se-reune-con-varios-industriales-sirios-en-el-Palacio-del-Pueblo-de-Damasco3-1024x575.jpg 1024w, https:\/\/archive.sana.sy\/es\/wp-content\/uploads\/2025\/01\/Al-Sharaa-se-reune-con-varios-industriales-sirios-en-el-Palacio-del-Pueblo-de-Damasco3-150x84.jpg 150w, https:\/\/archive.sana.sy\/es\/wp-content\/uploads\/2025\/01\/Al-Sharaa-se-reune-con-varios-industriales-sirios-en-el-Palacio-del-Pueblo-de-Damasco3-768x431.jpg 768w, https:\/\/archive.sana.sy\/es\/wp-content\/uploads\/2025\/01\/Al-Sharaa-se-reune-con-varios-industriales-sirios-en-el-Palacio-del-Pueblo-de-Damasco3-1536x862.jpg 1536w, https:\/\/archive.sana.sy\/es\/wp-content\/uploads\/2025\/01\/Al-Sharaa-se-reune-con-varios-industriales-sirios-en-el-Palacio-del-Pueblo-de-Damasco3-2048x1150.jpg 2048w\" sizes=\"(max-width: 2560px) 100vw, 2560px\" \/><\/a>\n\t\t\t<\/div><\/figure><figure class='gallery-item'>\n\t\t\t<div class='gallery-icon landscape'>\n\t\t\t\t<a href='https:\/\/archive.sana.sy\/es\/wp-content\/uploads\/2025\/01\/Al-Sharaa-se-reune-con-varios-industriales-sirios-en-el-Palacio-del-Pueblo-de-Damasco4.jpg'><img loading=\"lazy\" decoding=\"async\" width=\"2560\" height=\"1437\" src=\"https:\/\/archive.sana.sy\/es\/wp-content\/uploads\/2025\/01\/Al-Sharaa-se-reune-con-varios-industriales-sirios-en-el-Palacio-del-Pueblo-de-Damasco4.jpg\" class=\"attachment-full size-full\" alt=\"\" srcset=\"https:\/\/archive.sana.sy\/es\/wp-content\/uploads\/2025\/01\/Al-Sharaa-se-reune-con-varios-industriales-sirios-en-el-Palacio-del-Pueblo-de-Damasco4.jpg 2560w, https:\/\/archive.sana.sy\/es\/wp-content\/uploads\/2025\/01\/Al-Sharaa-se-reune-con-varios-industriales-sirios-en-el-Palacio-del-Pueblo-de-Damasco4-300x168.jpg 300w, https:\/\/archive.sana.sy\/es\/wp-content\/uploads\/2025\/01\/Al-Sharaa-se-reune-con-varios-industriales-sirios-en-el-Palacio-del-Pueblo-de-Damasco4-1024x575.jpg 1024w, https:\/\/archive.sana.sy\/es\/wp-content\/uploads\/2025\/01\/Al-Sharaa-se-reune-con-varios-industriales-sirios-en-el-Palacio-del-Pueblo-de-Damasco4-150x84.jpg 150w, https:\/\/archive.sana.sy\/es\/wp-content\/uploads\/2025\/01\/Al-Sharaa-se-reune-con-varios-industriales-sirios-en-el-Palacio-del-Pueblo-de-Damasco4-768x431.jpg 768w, https:\/\/archive.sana.sy\/es\/wp-content\/uploads\/2025\/01\/Al-Sharaa-se-reune-con-varios-industriales-sirios-en-el-Palacio-del-Pueblo-de-Damasco4-1536x862.jpg 1536w, https:\/\/archive.sana.sy\/es\/wp-content\/uploads\/2025\/01\/Al-Sharaa-se-reune-con-varios-industriales-sirios-en-el-Palacio-del-Pueblo-de-Damasco4-2048x1150.jpg 2048w\" sizes=\"(max-width: 2560px) 100vw, 2560px\" \/><\/a>\n\t\t\t<\/div><\/figure>\n\t\t<\/div>\n\n","protected":false},"excerpt":{"rendered":"<p>Damasco, 10 ene (SANA) El l\u00edder de la nueva administraci\u00f3n siria, Ahmed Al-Sharaa, se re\u00fane con varios industriales sirios en el Palacio del Pueblo de Damasco.<\/p>\n","protected":false},"author":43,"featured_media":345255,"comment_status":"closed","ping_status":"closed","sticky":false,"template":"","format":"standard","meta":{"footnotes":""},"categories":[597,20724,476,583],"tags":[],"class_list":["post-345254","post","type-post","status-publish","format-standard","has-post-thumbnail","","category-cinta-de-noticias","category-minuto-a-minuto","category-locales","category-slide"],"_links":{"self":[{"href":"https:\/\/archive.sana.sy\/es\/index.php?rest_route=\/wp\/v2\/posts\/345254"}],"collection":[{"href":"https:\/\/archive.sana.sy\/es\/index.php?rest_route=\/wp\/v2\/posts"}],"about":[{"href":"https:\/\/archive.sana.sy\/es\/index.php?rest_route=\/wp\/v2\/types\/post"}],"author":[{"embeddable":true,"href":"https:\/\/archive.sana.sy\/es\/index.php?rest_route=\/wp\/v2\/users\/43"}],"replies":[{"embeddable":true,"href":"https:\/\/archive.sana.sy\/es\/index.php?rest_route=%2Fwp%2Fv2%2Fcomments&post=345254"}],"version-history":[{"count":2,"href":"https:\/\/archive.sana.sy\/es\/index.php?rest_route=\/wp\/v2\/posts\/345254\/revisions"}],"predecessor-version":[{"id":345261,"href":"https:\/\/archive.sana.sy\/es\/index.php?rest_route=\/wp\/v2\/posts\/345254\/revisions\/345261"}],"wp:featuredmedia":[{"embeddable":true,"href":"https:\/\/archive.sana.sy\/es\/index.php?rest_route=\/wp\/v2\/media\/345255"}],"wp:attachment":[{"href":"https:\/\/archive.sana.sy\/es\/index.php?rest_route=%2Fwp%2Fv2%2Fmedia&parent=345254"}],"wp:term":[{"taxonomy":"category","embeddable":true,"href":"https:\/\/archive.sana.sy\/es\/index.php?rest_route=%2Fwp%2Fv2%2Fcategories&post=345254"},{"taxonomy":"post_tag","embeddable":true,"href":"https:\/\/archive.sana.sy\/es\/index.php?rest_route=%2Fwp%2Fv2%2Ftags&post=345254"}],"curies":[{"name":"wp","href":"https:\/\/api.w.org\/{rel}","templated":true}]}}