{"id":34527,"date":"2015-12-02T12:19:28","date_gmt":"2015-12-02T10:19:28","guid":{"rendered":"http:\/\/sana.sy\/es\/?p=34527"},"modified":"2015-12-02T12:19:28","modified_gmt":"2015-12-02T10:19:28","slug":"moscu-inicia-consultas-para-adoptar-una-nueva-resolucion-de-la-onu-sobre-la-reduccion-de-los-fondos-para-el-ei","status":"publish","type":"post","link":"https:\/\/archive.sana.sy\/es\/?p=34527","title":{"rendered":"Mosc\u00fa inicia consultas para adoptar una nueva resoluci\u00f3n de la ONU sobre la reducci\u00f3n de los fondos para el EI"},"content":{"rendered":"<p>Nueva York, SANA<\/p>\n<p>El representante permanente de Rusia ante las Naciones Unidas, Vitaly Churkin, anunci\u00f3 que la delegaci\u00f3n rusa en la Organizaci\u00f3n internacional ha iniciado consultas con otros miembros del Consejo de Seguridad sobre la redacci\u00f3n y aprobaci\u00f3n de un nuevo proyecto de resoluci\u00f3n destinado a examinar la aplicaci\u00f3n de la resoluci\u00f3n anterior que exige cortar los canales de financiaci\u00f3n a la organizaci\u00f3n terroristas del EI.<\/p>\n<p>La agencia Sputnik cit\u00f3 a Churkin declarando a la prensa, que Mosc\u00fa no est\u00e1 satisfecho de c\u00f3mo se aplique la resoluci\u00f3n No. 2199, adoptada por iniciativa de Rusia, exigiendo reforzar el control sobre la ejecuci\u00f3n de los procedimientos que contiene esa resoluci\u00f3n.<\/p>\n<p>El Consejo de Seguridad hab\u00eda aprobado por unanimidad el 12 de febrero pasado, la resoluci\u00f3n No. 2199 que exige cortar la financiaci\u00f3n a las dos organizaciones terroristas del \u201cFrente al-Nousra\u201d y el Estado Isl\u00e1mico, y de otras agrupaciones organizaciones terroristas a trav\u00e9s de la venta de petr\u00f3leo, las antig\u00fcedades robadas y el rescate, y criminalizar a toda parte que compre petr\u00f3leo de esas organizaciones.<\/p>\n<p>Fady M., Hala B.<\/p>\n","protected":false},"excerpt":{"rendered":"<p>Nueva York, SANA El representante permanente de Rusia ante las Naciones Unidas, Vitaly Churkin, anunci\u00f3 que la delegaci\u00f3n rusa en la Organizaci\u00f3n internacional ha iniciado consultas con otros miembros del Consejo de Seguridad sobre la redacci\u00f3n y aprobaci\u00f3n de un nuevo proyecto de resoluci\u00f3n destinado a examinar la aplicaci\u00f3n de la resoluci\u00f3n anterior que exige &hellip;<\/p>\n","protected":false},"author":1,"featured_media":34528,"comment_status":"closed","ping_status":"closed","sticky":false,"template":"","format":"standard","meta":{"footnotes":""},"categories":[597,456,457,576],"tags":[7517],"class_list":["post-34527","post","type-post","status-publish","format-standard","has-post-thumbnail","","category-cinta-de-noticias","category-arabe-internacional-politica","category-noticias-arabe-internacional-politica","category-noticias-politicas","tag-moscu-inicia-consultas-para-adoptar-una-nueva-resolucion-de-la-onu-sobre-la-reduccion-de-los-fondos-para-el-ei"],"_links":{"self":[{"href":"https:\/\/archive.sana.sy\/es\/index.php?rest_route=\/wp\/v2\/posts\/34527"}],"collection":[{"href":"https:\/\/archive.sana.sy\/es\/index.php?rest_route=\/wp\/v2\/posts"}],"about":[{"href":"https:\/\/archive.sana.sy\/es\/index.php?rest_route=\/wp\/v2\/types\/post"}],"author":[{"embeddable":true,"href":"https:\/\/archive.sana.sy\/es\/index.php?rest_route=\/wp\/v2\/users\/1"}],"replies":[{"embeddable":true,"href":"https:\/\/archive.sana.sy\/es\/index.php?rest_route=%2Fwp%2Fv2%2Fcomments&post=34527"}],"version-history":[{"count":0,"href":"https:\/\/archive.sana.sy\/es\/index.php?rest_route=\/wp\/v2\/posts\/34527\/revisions"}],"wp:featuredmedia":[{"embeddable":true,"href":"https:\/\/archive.sana.sy\/es\/index.php?rest_route=\/wp\/v2\/media\/34528"}],"wp:attachment":[{"href":"https:\/\/archive.sana.sy\/es\/index.php?rest_route=%2Fwp%2Fv2%2Fmedia&parent=34527"}],"wp:term":[{"taxonomy":"category","embeddable":true,"href":"https:\/\/archive.sana.sy\/es\/index.php?rest_route=%2Fwp%2Fv2%2Fcategories&post=34527"},{"taxonomy":"post_tag","embeddable":true,"href":"https:\/\/archive.sana.sy\/es\/index.php?rest_route=%2Fwp%2Fv2%2Ftags&post=34527"}],"curies":[{"name":"wp","href":"https:\/\/api.w.org\/{rel}","templated":true}]}}