{"id":345278,"date":"2025-01-11T10:34:25","date_gmt":"2025-01-11T07:34:25","guid":{"rendered":"https:\/\/sana.sy\/es\/?p=345278"},"modified":"2025-01-11T14:56:11","modified_gmt":"2025-01-11T11:56:11","slug":"al-sharaa-recibe-al-conocido-periodista-sirio-faisal-al-qassem","status":"publish","type":"post","link":"https:\/\/archive.sana.sy\/es\/?p=345278","title":{"rendered":"Al-Sharaa recibe al conocido periodista sirio Faisal Al-Qassem"},"content":{"rendered":"<p style=\"text-align: justify;\"><span style=\"color: #800000;\"> Damasco, 11 ene (SANA)<\/span> El l\u00edder de la nueva administraci\u00f3n siria, Ahmed Al-Sharaa, se reuni\u00f3 con el conocido periodista sirio y presentador del canal Al-Jazeera, Faisal Al-Qassem, en el Palacio del Pueblo en Damasco.<\/p>\n<p style=\"text-align: justify;\">ed\/fm<\/p>\n<p>&nbsp;<\/p>\n","protected":false},"excerpt":{"rendered":"<p>Damasco, 11 ene (SANA) El l\u00edder de la nueva administraci\u00f3n siria, Ahmed Al-Sharaa, se reuni\u00f3 con el conocido periodista sirio y presentador del canal Al-Jazeera, Faisal Al-Qassem, en el Palacio del Pueblo en Damasco. ed\/fm &nbsp;<\/p>\n","protected":false},"author":32,"featured_media":345279,"comment_status":"closed","ping_status":"closed","sticky":false,"template":"","format":"standard","meta":{"footnotes":""},"categories":[477,447,597,20724,476,7541],"tags":[],"class_list":["post-345278","post","type-post","status-publish","format-standard","has-post-thumbnail","","category-noticias-edulcorantes","category-local-politica","category-cinta-de-noticias","category-minuto-a-minuto","category-locales","category-ultimas-noticias"],"_links":{"self":[{"href":"https:\/\/archive.sana.sy\/es\/index.php?rest_route=\/wp\/v2\/posts\/345278"}],"collection":[{"href":"https:\/\/archive.sana.sy\/es\/index.php?rest_route=\/wp\/v2\/posts"}],"about":[{"href":"https:\/\/archive.sana.sy\/es\/index.php?rest_route=\/wp\/v2\/types\/post"}],"author":[{"embeddable":true,"href":"https:\/\/archive.sana.sy\/es\/index.php?rest_route=\/wp\/v2\/users\/32"}],"replies":[{"embeddable":true,"href":"https:\/\/archive.sana.sy\/es\/index.php?rest_route=%2Fwp%2Fv2%2Fcomments&post=345278"}],"version-history":[{"count":2,"href":"https:\/\/archive.sana.sy\/es\/index.php?rest_route=\/wp\/v2\/posts\/345278\/revisions"}],"predecessor-version":[{"id":345313,"href":"https:\/\/archive.sana.sy\/es\/index.php?rest_route=\/wp\/v2\/posts\/345278\/revisions\/345313"}],"wp:featuredmedia":[{"embeddable":true,"href":"https:\/\/archive.sana.sy\/es\/index.php?rest_route=\/wp\/v2\/media\/345279"}],"wp:attachment":[{"href":"https:\/\/archive.sana.sy\/es\/index.php?rest_route=%2Fwp%2Fv2%2Fmedia&parent=345278"}],"wp:term":[{"taxonomy":"category","embeddable":true,"href":"https:\/\/archive.sana.sy\/es\/index.php?rest_route=%2Fwp%2Fv2%2Fcategories&post=345278"},{"taxonomy":"post_tag","embeddable":true,"href":"https:\/\/archive.sana.sy\/es\/index.php?rest_route=%2Fwp%2Fv2%2Ftags&post=345278"}],"curies":[{"name":"wp","href":"https:\/\/api.w.org\/{rel}","templated":true}]}}