{"id":34537,"date":"2015-12-02T14:03:12","date_gmt":"2015-12-02T12:03:12","guid":{"rendered":"http:\/\/sana.sy\/es\/?p=34537"},"modified":"2023-01-09T14:09:36","modified_gmt":"2023-01-09T12:09:36","slug":"muere-un-civil-y-otros-tres-resultan-heridos-en-la-explosion-de-dos-minas-sembradas-por-los-terroristas-del-ei-en-hassakeh","status":"publish","type":"post","link":"https:\/\/archive.sana.sy\/es\/?p=34537","title":{"rendered":"Muere un civil tras explosi\u00f3n de minas sembradas por terroristas del EI en Hassakeh"},"content":{"rendered":"<p><span style=\"color: #800000\">Hassakeh, SANA<\/span><\/p>\n<p>Un civil muri\u00f3 y otros tres fueron lesionados en la explosi\u00f3n de dos minas que fueron sembradas por los terroristas del Estado Isl\u00e1mico en el campo este y sur de la provincia de Hassakeh, ubicada en el extremo nordeste de Siria.<\/p>\n<p>Seg\u00fan fuentes policiales, una mina terrestre explot\u00f3 en el pueblo de Merzouga a 42 km al este de la ciudad de Hassakeh, causando la muerte de una persona e hiriendo a otro.<\/p>\n<p>Por otro lado, una fuente en el Hospital Nacional de Hassakeh inform\u00f3 que el hospital recibi\u00f3 dos personas que resultaron heridas por las metrallas de una mina que explot\u00f3 en la zona del Monte de Abdulaziz, situado a 35 km al suroeste de la provincia de Hassakeh.<\/p>\n<p>El ej\u00e9rcito hab\u00eda expulsado anteriormente a los terroristas del EI de las dos zonas donde sucedieron ambas explosiones.<\/p>\n<p>Fady M., Hala B.<\/p>\n","protected":false},"excerpt":{"rendered":"<p>Hassakeh, SANA Un civil muri\u00f3 y otros tres fueron lesionados en la explosi\u00f3n de dos minas que fueron sembradas por los terroristas del Estado Isl\u00e1mico en el campo este y sur de la provincia de Hassakeh, ubicada en el extremo nordeste de Siria. Seg\u00fan fuentes policiales, una mina terrestre explot\u00f3 en el pueblo de Merzouga &hellip;<\/p>\n","protected":false},"author":1,"featured_media":34569,"comment_status":"closed","ping_status":"closed","sticky":false,"template":"","format":"standard","meta":{"footnotes":""},"categories":[477,597,476],"tags":[7519],"class_list":["post-34537","post","type-post","status-publish","format-standard","has-post-thumbnail","","category-noticias-edulcorantes","category-cinta-de-noticias","category-locales","tag-muere-un-civil-y-otros-tres-resultan-heridos-en-la-explosion-de-dos-minas-sembradas-por-los-terroristas-del-ei-en-hassakeh"],"_links":{"self":[{"href":"https:\/\/archive.sana.sy\/es\/index.php?rest_route=\/wp\/v2\/posts\/34537"}],"collection":[{"href":"https:\/\/archive.sana.sy\/es\/index.php?rest_route=\/wp\/v2\/posts"}],"about":[{"href":"https:\/\/archive.sana.sy\/es\/index.php?rest_route=\/wp\/v2\/types\/post"}],"author":[{"embeddable":true,"href":"https:\/\/archive.sana.sy\/es\/index.php?rest_route=\/wp\/v2\/users\/1"}],"replies":[{"embeddable":true,"href":"https:\/\/archive.sana.sy\/es\/index.php?rest_route=%2Fwp%2Fv2%2Fcomments&post=34537"}],"version-history":[{"count":0,"href":"https:\/\/archive.sana.sy\/es\/index.php?rest_route=\/wp\/v2\/posts\/34537\/revisions"}],"wp:featuredmedia":[{"embeddable":true,"href":"https:\/\/archive.sana.sy\/es\/index.php?rest_route=\/wp\/v2\/media\/34569"}],"wp:attachment":[{"href":"https:\/\/archive.sana.sy\/es\/index.php?rest_route=%2Fwp%2Fv2%2Fmedia&parent=34537"}],"wp:term":[{"taxonomy":"category","embeddable":true,"href":"https:\/\/archive.sana.sy\/es\/index.php?rest_route=%2Fwp%2Fv2%2Fcategories&post=34537"},{"taxonomy":"post_tag","embeddable":true,"href":"https:\/\/archive.sana.sy\/es\/index.php?rest_route=%2Fwp%2Fv2%2Ftags&post=34537"}],"curies":[{"name":"wp","href":"https:\/\/api.w.org\/{rel}","templated":true}]}}