{"id":345382,"date":"2025-01-14T11:32:22","date_gmt":"2025-01-14T08:32:22","guid":{"rendered":"https:\/\/sana.sy\/es\/?p=345382"},"modified":"2025-01-14T11:32:22","modified_gmt":"2025-01-14T08:32:22","slug":"primer-ministro-sirio-recibe-a-delegacion-de-las-asociaciones-beneficas-sirias-en-el-reino-unido","status":"publish","type":"post","link":"https:\/\/archive.sana.sy\/es\/?p=345382","title":{"rendered":"Primer Ministro sirio recibe a delegaci\u00f3n de las Asociaciones Ben\u00e9ficas Sirias en el Reino Unido"},"content":{"rendered":"<p><span style=\"color: #800000;\"><strong>Damasco, 14 ene (SANA)<\/strong><\/span> El primer ministro sirio Muhammad Al-Bashir, sostuvo un encuentro con una delegaci\u00f3n de representantes de la Compa\u00f1\u00eda de Instituciones y Asociaciones Ben\u00e9ficas Sirias en el Reino Unido.<\/p>\n<p>Las conversaciones durante el encuentro se centraron sobre el papel de las instituciones en las circunstancias actuales.<\/p>\n<div id='gallery-1' class='gallery galleryid-345382 gallery-columns-1 gallery-size-full'><figure class='gallery-item'>\n\t\t\t<div class='gallery-icon landscape'>\n\t\t\t\t<a href='https:\/\/archive.sana.sy\/es\/wp-content\/uploads\/2025\/01\/1-copy-17.jpg'><img loading=\"lazy\" decoding=\"async\" width=\"660\" height=\"440\" src=\"https:\/\/archive.sana.sy\/es\/wp-content\/uploads\/2025\/01\/1-copy-17.jpg\" class=\"attachment-full size-full\" alt=\"\" srcset=\"https:\/\/archive.sana.sy\/es\/wp-content\/uploads\/2025\/01\/1-copy-17.jpg 660w, https:\/\/archive.sana.sy\/es\/wp-content\/uploads\/2025\/01\/1-copy-17-300x200.jpg 300w, https:\/\/archive.sana.sy\/es\/wp-content\/uploads\/2025\/01\/1-copy-17-150x100.jpg 150w\" sizes=\"(max-width: 660px) 100vw, 660px\" \/><\/a>\n\t\t\t<\/div><\/figure><figure class='gallery-item'>\n\t\t\t<div class='gallery-icon landscape'>\n\t\t\t\t<a href='https:\/\/archive.sana.sy\/es\/wp-content\/uploads\/2025\/01\/6-copy-6-1.jpg'><img loading=\"lazy\" decoding=\"async\" width=\"660\" height=\"440\" src=\"https:\/\/archive.sana.sy\/es\/wp-content\/uploads\/2025\/01\/6-copy-6-1.jpg\" class=\"attachment-full size-full\" alt=\"\" srcset=\"https:\/\/archive.sana.sy\/es\/wp-content\/uploads\/2025\/01\/6-copy-6-1.jpg 660w, https:\/\/archive.sana.sy\/es\/wp-content\/uploads\/2025\/01\/6-copy-6-1-300x200.jpg 300w, https:\/\/archive.sana.sy\/es\/wp-content\/uploads\/2025\/01\/6-copy-6-1-150x100.jpg 150w\" sizes=\"(max-width: 660px) 100vw, 660px\" \/><\/a>\n\t\t\t<\/div><\/figure><figure class='gallery-item'>\n\t\t\t<div class='gallery-icon landscape'>\n\t\t\t\t<a href='https:\/\/archive.sana.sy\/es\/wp-content\/uploads\/2025\/01\/2-copy-16.jpg'><img loading=\"lazy\" decoding=\"async\" width=\"660\" height=\"440\" src=\"https:\/\/archive.sana.sy\/es\/wp-content\/uploads\/2025\/01\/2-copy-16.jpg\" class=\"attachment-full size-full\" alt=\"\" srcset=\"https:\/\/archive.sana.sy\/es\/wp-content\/uploads\/2025\/01\/2-copy-16.jpg 660w, https:\/\/archive.sana.sy\/es\/wp-content\/uploads\/2025\/01\/2-copy-16-300x200.jpg 300w, https:\/\/archive.sana.sy\/es\/wp-content\/uploads\/2025\/01\/2-copy-16-150x100.jpg 150w\" sizes=\"(max-width: 660px) 100vw, 660px\" \/><\/a>\n\t\t\t<\/div><\/figure><figure class='gallery-item'>\n\t\t\t<div class='gallery-icon landscape'>\n\t\t\t\t<a href='https:\/\/archive.sana.sy\/es\/wp-content\/uploads\/2025\/01\/3-copy-15.jpg'><img loading=\"lazy\" decoding=\"async\" width=\"660\" height=\"440\" src=\"https:\/\/archive.sana.sy\/es\/wp-content\/uploads\/2025\/01\/3-copy-15.jpg\" class=\"attachment-full size-full\" alt=\"\" srcset=\"https:\/\/archive.sana.sy\/es\/wp-content\/uploads\/2025\/01\/3-copy-15.jpg 660w, https:\/\/archive.sana.sy\/es\/wp-content\/uploads\/2025\/01\/3-copy-15-300x200.jpg 300w, https:\/\/archive.sana.sy\/es\/wp-content\/uploads\/2025\/01\/3-copy-15-150x100.jpg 150w\" sizes=\"(max-width: 660px) 100vw, 660px\" \/><\/a>\n\t\t\t<\/div><\/figure>\n\t\t<\/div>\n\n","protected":false},"excerpt":{"rendered":"<p>Damasco, 14 ene (SANA) El primer ministro sirio Muhammad Al-Bashir, sostuvo un encuentro con una delegaci\u00f3n de representantes de la Compa\u00f1\u00eda de Instituciones y Asociaciones Ben\u00e9ficas Sirias en el Reino Unido. Las conversaciones durante el encuentro se centraron sobre el papel de las instituciones en las circunstancias actuales.<\/p>\n","protected":false},"author":42,"featured_media":345383,"comment_status":"closed","ping_status":"closed","sticky":false,"template":"","format":"standard","meta":{"footnotes":""},"categories":[597,20724,476,7541],"tags":[],"class_list":["post-345382","post","type-post","status-publish","format-standard","has-post-thumbnail","","category-cinta-de-noticias","category-minuto-a-minuto","category-locales","category-ultimas-noticias"],"_links":{"self":[{"href":"https:\/\/archive.sana.sy\/es\/index.php?rest_route=\/wp\/v2\/posts\/345382"}],"collection":[{"href":"https:\/\/archive.sana.sy\/es\/index.php?rest_route=\/wp\/v2\/posts"}],"about":[{"href":"https:\/\/archive.sana.sy\/es\/index.php?rest_route=\/wp\/v2\/types\/post"}],"author":[{"embeddable":true,"href":"https:\/\/archive.sana.sy\/es\/index.php?rest_route=\/wp\/v2\/users\/42"}],"replies":[{"embeddable":true,"href":"https:\/\/archive.sana.sy\/es\/index.php?rest_route=%2Fwp%2Fv2%2Fcomments&post=345382"}],"version-history":[{"count":1,"href":"https:\/\/archive.sana.sy\/es\/index.php?rest_route=\/wp\/v2\/posts\/345382\/revisions"}],"predecessor-version":[{"id":345388,"href":"https:\/\/archive.sana.sy\/es\/index.php?rest_route=\/wp\/v2\/posts\/345382\/revisions\/345388"}],"wp:featuredmedia":[{"embeddable":true,"href":"https:\/\/archive.sana.sy\/es\/index.php?rest_route=\/wp\/v2\/media\/345383"}],"wp:attachment":[{"href":"https:\/\/archive.sana.sy\/es\/index.php?rest_route=%2Fwp%2Fv2%2Fmedia&parent=345382"}],"wp:term":[{"taxonomy":"category","embeddable":true,"href":"https:\/\/archive.sana.sy\/es\/index.php?rest_route=%2Fwp%2Fv2%2Fcategories&post=345382"},{"taxonomy":"post_tag","embeddable":true,"href":"https:\/\/archive.sana.sy\/es\/index.php?rest_route=%2Fwp%2Fv2%2Ftags&post=345382"}],"curies":[{"name":"wp","href":"https:\/\/api.w.org\/{rel}","templated":true}]}}