{"id":345398,"date":"2025-01-14T13:38:04","date_gmt":"2025-01-14T10:38:04","guid":{"rendered":"https:\/\/sana.sy\/es\/?p=345398"},"modified":"2025-01-18T16:52:19","modified_gmt":"2025-01-18T13:52:19","slug":"inician-operaciones-de-peinado-contra-milicias-de-al-assad-en-el-municipio-costero-de-jableh","status":"publish","type":"post","link":"https:\/\/archive.sana.sy\/es\/?p=345398","title":{"rendered":"Inician operaciones de peinado contra milicias de Al-Assad en el municipio costero de Jableh"},"content":{"rendered":"<p style=\"text-align: justify;\"><span style=\"color: #800000;\">Latakia, 14 ene (SANA)<\/span> El Departamento de Seguridad P\u00fablica, en cooperaci\u00f3n con el Departamento de Operaciones Militares, comenz\u00f3 operaciones de peinado en el municipio de Jableh en b\u00fasqueda de remanentes de las milicias de Al-Assad.<\/p>\n<p style=\"text-align: justify;\">La operaci\u00f3n fue lanzada tras varios incidentes y ataques contra los civiles y los cuarteles militares en la zona.<\/p>\n<p style=\"text-align: justify;\">Hacemos un llamamiento a los civiles en Jableh y sus alrededores para que cooperen plenamente con nuestros combatientes hasta que se completen las operaciones de peinado, afirm\u00f3 a SANA una fuente del Departamento de Seguridad General.<\/p>\n<div id='gallery-1' class='gallery galleryid-345398 gallery-columns-1 gallery-size-full'><figure class='gallery-item'>\n\t\t\t<div class='gallery-icon landscape'>\n\t\t\t\t<a href='https:\/\/archive.sana.sy\/es\/wp-content\/uploads\/2025\/01\/\u062a3-2.jpg'><img loading=\"lazy\" decoding=\"async\" width=\"1280\" height=\"964\" src=\"https:\/\/archive.sana.sy\/es\/wp-content\/uploads\/2025\/01\/\u062a3-2.jpg\" class=\"attachment-full size-full\" alt=\"\" srcset=\"https:\/\/archive.sana.sy\/es\/wp-content\/uploads\/2025\/01\/\u062a3-2.jpg 1280w, https:\/\/archive.sana.sy\/es\/wp-content\/uploads\/2025\/01\/\u062a3-2-300x226.jpg 300w, https:\/\/archive.sana.sy\/es\/wp-content\/uploads\/2025\/01\/\u062a3-2-1024x771.jpg 1024w, https:\/\/archive.sana.sy\/es\/wp-content\/uploads\/2025\/01\/\u062a3-2-150x113.jpg 150w, https:\/\/archive.sana.sy\/es\/wp-content\/uploads\/2025\/01\/\u062a3-2-768x578.jpg 768w\" sizes=\"(max-width: 1280px) 100vw, 1280px\" \/><\/a>\n\t\t\t<\/div><\/figure><figure class='gallery-item'>\n\t\t\t<div class='gallery-icon landscape'>\n\t\t\t\t<a href='https:\/\/archive.sana.sy\/es\/wp-content\/uploads\/2025\/01\/\u062a.jpg'><img loading=\"lazy\" decoding=\"async\" width=\"1280\" height=\"960\" src=\"https:\/\/archive.sana.sy\/es\/wp-content\/uploads\/2025\/01\/\u062a.jpg\" class=\"attachment-full size-full\" alt=\"\" srcset=\"https:\/\/archive.sana.sy\/es\/wp-content\/uploads\/2025\/01\/\u062a.jpg 1280w, https:\/\/archive.sana.sy\/es\/wp-content\/uploads\/2025\/01\/\u062a-300x225.jpg 300w, https:\/\/archive.sana.sy\/es\/wp-content\/uploads\/2025\/01\/\u062a-1024x768.jpg 1024w, https:\/\/archive.sana.sy\/es\/wp-content\/uploads\/2025\/01\/\u062a-150x113.jpg 150w, https:\/\/archive.sana.sy\/es\/wp-content\/uploads\/2025\/01\/\u062a-768x576.jpg 768w\" sizes=\"(max-width: 1280px) 100vw, 1280px\" \/><\/a>\n\t\t\t<\/div><\/figure><figure class='gallery-item'>\n\t\t\t<div class='gallery-icon portrait'>\n\t\t\t\t<a href='https:\/\/archive.sana.sy\/es\/wp-content\/uploads\/2025\/01\/\u062a2-3.jpg'><img loading=\"lazy\" decoding=\"async\" width=\"964\" height=\"1280\" src=\"https:\/\/archive.sana.sy\/es\/wp-content\/uploads\/2025\/01\/\u062a2-3.jpg\" class=\"attachment-full size-full\" alt=\"\" srcset=\"https:\/\/archive.sana.sy\/es\/wp-content\/uploads\/2025\/01\/\u062a2-3.jpg 964w, https:\/\/archive.sana.sy\/es\/wp-content\/uploads\/2025\/01\/\u062a2-3-226x300.jpg 226w, https:\/\/archive.sana.sy\/es\/wp-content\/uploads\/2025\/01\/\u062a2-3-771x1024.jpg 771w, https:\/\/archive.sana.sy\/es\/wp-content\/uploads\/2025\/01\/\u062a2-3-113x150.jpg 113w, https:\/\/archive.sana.sy\/es\/wp-content\/uploads\/2025\/01\/\u062a2-3-768x1020.jpg 768w\" sizes=\"(max-width: 964px) 100vw, 964px\" \/><\/a>\n\t\t\t<\/div><\/figure>\n\t\t<\/div>\n\n","protected":false},"excerpt":{"rendered":"<p>Latakia, 14 ene (SANA) El Departamento de Seguridad P\u00fablica, en cooperaci\u00f3n con el Departamento de Operaciones Militares, comenz\u00f3 operaciones de peinado en el municipio de Jableh en b\u00fasqueda de remanentes de las milicias de Al-Assad. La operaci\u00f3n fue lanzada tras varios incidentes y ataques contra los civiles y los cuarteles militares en la zona. Hacemos &hellip;<\/p>\n","protected":false},"author":32,"featured_media":345402,"comment_status":"closed","ping_status":"closed","sticky":false,"template":"","format":"standard","meta":{"footnotes":""},"categories":[477,597,623,20724,476,571,7541],"tags":[],"class_list":["post-345398","post","type-post","status-publish","format-standard","has-post-thumbnail","","category-noticias-edulcorantes","category-cinta-de-noticias","category-fotos-sana","category-minuto-a-minuto","category-locales","category-siria-en-fotos","category-ultimas-noticias"],"_links":{"self":[{"href":"https:\/\/archive.sana.sy\/es\/index.php?rest_route=\/wp\/v2\/posts\/345398"}],"collection":[{"href":"https:\/\/archive.sana.sy\/es\/index.php?rest_route=\/wp\/v2\/posts"}],"about":[{"href":"https:\/\/archive.sana.sy\/es\/index.php?rest_route=\/wp\/v2\/types\/post"}],"author":[{"embeddable":true,"href":"https:\/\/archive.sana.sy\/es\/index.php?rest_route=\/wp\/v2\/users\/32"}],"replies":[{"embeddable":true,"href":"https:\/\/archive.sana.sy\/es\/index.php?rest_route=%2Fwp%2Fv2%2Fcomments&post=345398"}],"version-history":[{"count":2,"href":"https:\/\/archive.sana.sy\/es\/index.php?rest_route=\/wp\/v2\/posts\/345398\/revisions"}],"predecessor-version":[{"id":345611,"href":"https:\/\/archive.sana.sy\/es\/index.php?rest_route=\/wp\/v2\/posts\/345398\/revisions\/345611"}],"wp:featuredmedia":[{"embeddable":true,"href":"https:\/\/archive.sana.sy\/es\/index.php?rest_route=\/wp\/v2\/media\/345402"}],"wp:attachment":[{"href":"https:\/\/archive.sana.sy\/es\/index.php?rest_route=%2Fwp%2Fv2%2Fmedia&parent=345398"}],"wp:term":[{"taxonomy":"category","embeddable":true,"href":"https:\/\/archive.sana.sy\/es\/index.php?rest_route=%2Fwp%2Fv2%2Fcategories&post=345398"},{"taxonomy":"post_tag","embeddable":true,"href":"https:\/\/archive.sana.sy\/es\/index.php?rest_route=%2Fwp%2Fv2%2Ftags&post=345398"}],"curies":[{"name":"wp","href":"https:\/\/api.w.org\/{rel}","templated":true}]}}