{"id":345418,"date":"2025-01-14T14:44:13","date_gmt":"2025-01-14T11:44:13","guid":{"rendered":"https:\/\/sana.sy\/es\/?p=345418"},"modified":"2025-01-18T16:52:08","modified_gmt":"2025-01-18T13:52:08","slug":"ministro-de-informacion-se-reune-con-el-jefe-del-departamento-de-comunicaciones-de-la-presidencia-turca","status":"publish","type":"post","link":"https:\/\/archive.sana.sy\/es\/?p=345418","title":{"rendered":"Ministro de Informaci\u00f3n se re\u00fane con el jefe del Departamento de Comunicaciones de la Presidencia turca"},"content":{"rendered":"<p style=\"text-align: justify;\"><span style=\"color: #800000;\"><strong>Damasco, 14 ene (SANA)\u00a0<\/strong> <\/span>El ministro de Informaci\u00f3n en el gobierno interino, Mohammed Al-Omar, examin\u00f3 con el jefe del Departamento de Comunicaciones de la Presidencia turca, Fahrettin Altun, las formas de mejorar la cooperaci\u00f3n medi\u00e1tica entre los dos pa\u00edses.<\/p>\n<p style=\"text-align: justify;\">En una conversaci\u00f3n v\u00eda telef\u00f3nica, las dos partes destacaron la importancia de intercambiar conocimientos t\u00e9cnicos de manera que sirva a los intereses de ambos pa\u00edses, contribuya a transmitir la verdad siria a los medios de comunicaci\u00f3n internacionales y enfrente las campa\u00f1as de desinformaci\u00f3n.<\/p>\n","protected":false},"excerpt":{"rendered":"<p>Damasco, 14 ene (SANA)\u00a0 El ministro de Informaci\u00f3n en el gobierno interino, Mohammed Al-Omar, examin\u00f3 con el jefe del Departamento de Comunicaciones de la Presidencia turca, Fahrettin Altun, las formas de mejorar la cooperaci\u00f3n medi\u00e1tica entre los dos pa\u00edses. En una conversaci\u00f3n v\u00eda telef\u00f3nica, las dos partes destacaron la importancia de intercambiar conocimientos t\u00e9cnicos de &hellip;<\/p>\n","protected":false},"author":32,"featured_media":345419,"comment_status":"closed","ping_status":"closed","sticky":false,"template":"","format":"standard","meta":{"footnotes":""},"categories":[477,447,597,20724,476,7541],"tags":[],"class_list":["post-345418","post","type-post","status-publish","format-standard","has-post-thumbnail","","category-noticias-edulcorantes","category-local-politica","category-cinta-de-noticias","category-minuto-a-minuto","category-locales","category-ultimas-noticias"],"_links":{"self":[{"href":"https:\/\/archive.sana.sy\/es\/index.php?rest_route=\/wp\/v2\/posts\/345418"}],"collection":[{"href":"https:\/\/archive.sana.sy\/es\/index.php?rest_route=\/wp\/v2\/posts"}],"about":[{"href":"https:\/\/archive.sana.sy\/es\/index.php?rest_route=\/wp\/v2\/types\/post"}],"author":[{"embeddable":true,"href":"https:\/\/archive.sana.sy\/es\/index.php?rest_route=\/wp\/v2\/users\/32"}],"replies":[{"embeddable":true,"href":"https:\/\/archive.sana.sy\/es\/index.php?rest_route=%2Fwp%2Fv2%2Fcomments&post=345418"}],"version-history":[{"count":2,"href":"https:\/\/archive.sana.sy\/es\/index.php?rest_route=\/wp\/v2\/posts\/345418\/revisions"}],"predecessor-version":[{"id":345609,"href":"https:\/\/archive.sana.sy\/es\/index.php?rest_route=\/wp\/v2\/posts\/345418\/revisions\/345609"}],"wp:featuredmedia":[{"embeddable":true,"href":"https:\/\/archive.sana.sy\/es\/index.php?rest_route=\/wp\/v2\/media\/345419"}],"wp:attachment":[{"href":"https:\/\/archive.sana.sy\/es\/index.php?rest_route=%2Fwp%2Fv2%2Fmedia&parent=345418"}],"wp:term":[{"taxonomy":"category","embeddable":true,"href":"https:\/\/archive.sana.sy\/es\/index.php?rest_route=%2Fwp%2Fv2%2Fcategories&post=345418"},{"taxonomy":"post_tag","embeddable":true,"href":"https:\/\/archive.sana.sy\/es\/index.php?rest_route=%2Fwp%2Fv2%2Ftags&post=345418"}],"curies":[{"name":"wp","href":"https:\/\/api.w.org\/{rel}","templated":true}]}}