{"id":345429,"date":"2025-01-15T10:44:15","date_gmt":"2025-01-15T07:44:15","guid":{"rendered":"https:\/\/sana.sy\/es\/?p=345429"},"modified":"2025-01-18T16:51:30","modified_gmt":"2025-01-18T13:51:30","slug":"mas-de-3-millones-de-escolares-inician-sus-examenes-del-primer-semestre-fotos","status":"publish","type":"post","link":"https:\/\/archive.sana.sy\/es\/?p=345429","title":{"rendered":"M\u00e1s de 3 millones de escolares inician sus ex\u00e1menes del primer semestre (+ fotos)"},"content":{"rendered":"<p style=\"text-align: justify;\"><span style=\"color: #800000;\"><strong>Damasco, 15 ene (SANA)\u00a0 <\/strong><\/span>Los ex\u00e1menes del primer semestre del a\u00f1o escolar 2024-2025 comenzaron hoy en varias gobernaciones y finalizar\u00e1n el 23 de este mes.<\/p>\n<p style=\"text-align: justify;\">En una declaraci\u00f3n a SANA, el ministro de Educaci\u00f3n del gobierno interino, Nazir Al-Qadri, explic\u00f3 que el n\u00famero de estudiantes ascendi\u00f3 a m\u00e1s de 3.5 millones en unas 11.000 escuelas de diversos niveles educativos en todas las gobernaciones.<\/p>\n<p style=\"text-align: justify;\">Seg\u00fan afirm\u00f3 Al-Qadri, el Ministerio y las Direcciones de Educaci\u00f3n hab\u00edan completado todos los preparativos necesarios para los ex\u00e1menes en lo relativo a organizaci\u00f3n y ambiente propicio para los menores.<\/p>\n<div id='gallery-1' class='gallery galleryid-345429 gallery-columns-1 gallery-size-full'><figure class='gallery-item'>\n\t\t\t<div class='gallery-icon landscape'>\n\t\t\t\t<a href='https:\/\/archive.sana.sy\/es\/wp-content\/uploads\/2025\/01\/photo_2025-01-15_10-04-31-4-1.jpg'><img loading=\"lazy\" decoding=\"async\" width=\"1280\" height=\"722\" src=\"https:\/\/archive.sana.sy\/es\/wp-content\/uploads\/2025\/01\/photo_2025-01-15_10-04-31-4-1.jpg\" class=\"attachment-full size-full\" alt=\"\" srcset=\"https:\/\/archive.sana.sy\/es\/wp-content\/uploads\/2025\/01\/photo_2025-01-15_10-04-31-4-1.jpg 1280w, https:\/\/archive.sana.sy\/es\/wp-content\/uploads\/2025\/01\/photo_2025-01-15_10-04-31-4-1-300x169.jpg 300w, https:\/\/archive.sana.sy\/es\/wp-content\/uploads\/2025\/01\/photo_2025-01-15_10-04-31-4-1-1024x578.jpg 1024w, https:\/\/archive.sana.sy\/es\/wp-content\/uploads\/2025\/01\/photo_2025-01-15_10-04-31-4-1-150x85.jpg 150w, https:\/\/archive.sana.sy\/es\/wp-content\/uploads\/2025\/01\/photo_2025-01-15_10-04-31-4-1-768x433.jpg 768w\" sizes=\"(max-width: 1280px) 100vw, 1280px\" \/><\/a>\n\t\t\t<\/div><\/figure><figure class='gallery-item'>\n\t\t\t<div class='gallery-icon landscape'>\n\t\t\t\t<a href='https:\/\/archive.sana.sy\/es\/wp-content\/uploads\/2025\/01\/photo_2025-01-15_10-04-31-3-1.jpg'><img loading=\"lazy\" decoding=\"async\" width=\"1280\" height=\"743\" src=\"https:\/\/archive.sana.sy\/es\/wp-content\/uploads\/2025\/01\/photo_2025-01-15_10-04-31-3-1.jpg\" class=\"attachment-full size-full\" alt=\"\" srcset=\"https:\/\/archive.sana.sy\/es\/wp-content\/uploads\/2025\/01\/photo_2025-01-15_10-04-31-3-1.jpg 1280w, https:\/\/archive.sana.sy\/es\/wp-content\/uploads\/2025\/01\/photo_2025-01-15_10-04-31-3-1-300x174.jpg 300w, https:\/\/archive.sana.sy\/es\/wp-content\/uploads\/2025\/01\/photo_2025-01-15_10-04-31-3-1-1024x594.jpg 1024w, https:\/\/archive.sana.sy\/es\/wp-content\/uploads\/2025\/01\/photo_2025-01-15_10-04-31-3-1-150x87.jpg 150w, https:\/\/archive.sana.sy\/es\/wp-content\/uploads\/2025\/01\/photo_2025-01-15_10-04-31-3-1-768x446.jpg 768w\" sizes=\"(max-width: 1280px) 100vw, 1280px\" \/><\/a>\n\t\t\t<\/div><\/figure><figure class='gallery-item'>\n\t\t\t<div class='gallery-icon landscape'>\n\t\t\t\t<a href='https:\/\/archive.sana.sy\/es\/wp-content\/uploads\/2025\/01\/photo_2025-01-15_10-04-31-2-1.jpg'><img loading=\"lazy\" decoding=\"async\" width=\"1280\" height=\"722\" src=\"https:\/\/archive.sana.sy\/es\/wp-content\/uploads\/2025\/01\/photo_2025-01-15_10-04-31-2-1.jpg\" class=\"attachment-full size-full\" alt=\"\" srcset=\"https:\/\/archive.sana.sy\/es\/wp-content\/uploads\/2025\/01\/photo_2025-01-15_10-04-31-2-1.jpg 1280w, https:\/\/archive.sana.sy\/es\/wp-content\/uploads\/2025\/01\/photo_2025-01-15_10-04-31-2-1-300x169.jpg 300w, https:\/\/archive.sana.sy\/es\/wp-content\/uploads\/2025\/01\/photo_2025-01-15_10-04-31-2-1-1024x578.jpg 1024w, https:\/\/archive.sana.sy\/es\/wp-content\/uploads\/2025\/01\/photo_2025-01-15_10-04-31-2-1-150x85.jpg 150w, https:\/\/archive.sana.sy\/es\/wp-content\/uploads\/2025\/01\/photo_2025-01-15_10-04-31-2-1-768x433.jpg 768w\" sizes=\"(max-width: 1280px) 100vw, 1280px\" \/><\/a>\n\t\t\t<\/div><\/figure>\n\t\t<\/div>\n\n","protected":false},"excerpt":{"rendered":"<p>Damasco, 15 ene (SANA)\u00a0 Los ex\u00e1menes del primer semestre del a\u00f1o escolar 2024-2025 comenzaron hoy en varias gobernaciones y finalizar\u00e1n el 23 de este mes. En una declaraci\u00f3n a SANA, el ministro de Educaci\u00f3n del gobierno interino, Nazir Al-Qadri, explic\u00f3 que el n\u00famero de estudiantes ascendi\u00f3 a m\u00e1s de 3.5 millones en unas 11.000 escuelas &hellip;<\/p>\n","protected":false},"author":35,"featured_media":345430,"comment_status":"closed","ping_status":"closed","sticky":false,"template":"","format":"standard","meta":{"footnotes":""},"categories":[597,20724,476,583],"tags":[],"class_list":["post-345429","post","type-post","status-publish","format-standard","has-post-thumbnail","","category-cinta-de-noticias","category-minuto-a-minuto","category-locales","category-slide"],"_links":{"self":[{"href":"https:\/\/archive.sana.sy\/es\/index.php?rest_route=\/wp\/v2\/posts\/345429"}],"collection":[{"href":"https:\/\/archive.sana.sy\/es\/index.php?rest_route=\/wp\/v2\/posts"}],"about":[{"href":"https:\/\/archive.sana.sy\/es\/index.php?rest_route=\/wp\/v2\/types\/post"}],"author":[{"embeddable":true,"href":"https:\/\/archive.sana.sy\/es\/index.php?rest_route=\/wp\/v2\/users\/35"}],"replies":[{"embeddable":true,"href":"https:\/\/archive.sana.sy\/es\/index.php?rest_route=%2Fwp%2Fv2%2Fcomments&post=345429"}],"version-history":[{"count":5,"href":"https:\/\/archive.sana.sy\/es\/index.php?rest_route=\/wp\/v2\/posts\/345429\/revisions"}],"predecessor-version":[{"id":345607,"href":"https:\/\/archive.sana.sy\/es\/index.php?rest_route=\/wp\/v2\/posts\/345429\/revisions\/345607"}],"wp:featuredmedia":[{"embeddable":true,"href":"https:\/\/archive.sana.sy\/es\/index.php?rest_route=\/wp\/v2\/media\/345430"}],"wp:attachment":[{"href":"https:\/\/archive.sana.sy\/es\/index.php?rest_route=%2Fwp%2Fv2%2Fmedia&parent=345429"}],"wp:term":[{"taxonomy":"category","embeddable":true,"href":"https:\/\/archive.sana.sy\/es\/index.php?rest_route=%2Fwp%2Fv2%2Fcategories&post=345429"},{"taxonomy":"post_tag","embeddable":true,"href":"https:\/\/archive.sana.sy\/es\/index.php?rest_route=%2Fwp%2Fv2%2Ftags&post=345429"}],"curies":[{"name":"wp","href":"https:\/\/api.w.org\/{rel}","templated":true}]}}